{"id":3345,"date":"2025-05-15T10:15:41","date_gmt":"2025-05-15T08:15:41","guid":{"rendered":"https:\/\/pcf08.com\/?p=3345"},"modified":"2025-05-15T10:15:41","modified_gmt":"2025-05-15T08:15:41","slug":"politique-environnementale-une-consultation-a-minima","status":"publish","type":"post","link":"https:\/\/pcf08.com\/index.php\/2025\/05\/15\/politique-environnementale-une-consultation-a-minima\/","title":{"rendered":"Politique environnementale, une consultation \u00ab\u00a0\u00e0 minima\u00a0\u00bb"},"content":{"rendered":"<p align=\"justify\"><span style=\"font-family: Calibri, sans-serif;\"><span style=\"font-size: medium;\"><img loading=\"lazy\" decoding=\"async\" class=\"size-full wp-image-3346 alignleft\" src=\"https:\/\/pcf08.com\/wp-content\/uploads\/2025\/05\/sraddet-grand-est-300x170-1.jpg\" alt=\"\" width=\"300\" height=\"170\" \/>Une consultation est en cours concernant le SRADDET (<\/span><\/span><span style=\"font-family: Calibri, sans-serif;\"><span style=\"font-size: medium;\">sch\u00e9ma<\/span><\/span><span style=\"font-family: Calibri, sans-serif;\"><span style=\"font-size: medium;\"> r\u00e9gional d\u2019am\u00e9nagement, de <\/span><\/span><span style=\"font-family: Calibri, sans-serif;\"><span style=\"font-size: medium;\">d\u00e9veloppement<\/span><\/span><span style=\"font-family: Calibri, sans-serif;\"><span style=\"font-size: medium;\"> durable des <\/span><\/span><span style=\"font-family: Calibri, sans-serif;\"><span style=\"font-size: medium;\">territoires<\/span><\/span><span style=\"font-family: Calibri, sans-serif;\"><span style=\"font-size: medium;\">). Ce dispositif est pilot\u00e9 par la r\u00e9gion Grand Est. Ce sch\u00e9ma r\u00e9gional fixe les objectifs de moyen et long termes pour une gestion plus soucieuse de l\u2019environnement.<\/span><\/span><\/p>\n<p align=\"justify\"><span style=\"font-family: Calibri, sans-serif;\"><span style=\"font-size: medium;\">Le SRADDET est un texte de loi vot\u00e9 <\/span><\/span><span style=\"font-family: Calibri, sans-serif;\"><span style=\"font-size: medium;\">nationalement<\/span><\/span><span style=\"font-family: Calibri, sans-serif;\"><span style=\"font-size: medium;\"> en 2019. Il fixe les objectifs environnementaux qui doivent \u00eatre appliqu\u00e9s dans la politique r\u00e9gionale. En d\u00e9cembre 202<\/span><\/span><span style=\"font-family: Calibri, sans-serif;\"><span style=\"font-size: medium;\">4<\/span><\/span><span style=\"font-family: Calibri, sans-serif;\"><span style=\"font-size: medium;\"> la r\u00e9gion Grand Est a d\u00e9cid\u00e9 d<\/span><\/span><span style=\"font-family: Calibri, sans-serif;\"><span style=\"font-size: medium;\">\u2019<\/span><\/span><span style=\"font-family: Calibri, sans-serif;\"><span style=\"font-size: medium;\">engager la modification du SRADDET. <\/span><\/span><span style=\"font-family: Calibri, sans-serif;\"><span style=\"font-size: medium;\">L\u2019objectif<\/span><\/span><span style=\"font-family: Calibri, sans-serif;\"><span style=\"font-size: medium;\"> de ce vote consiste \u00e0 prendre en compte les modifications qui s\u2019imposent avec le changement <\/span><\/span><span style=\"font-family: Calibri, sans-serif;\"><span style=\"font-size: medium;\">climatique.<\/span><\/span><span style=\"font-family: Calibri, sans-serif;\"><span style=\"font-size: medium;\"> Des dispositions nouvelles sont soumises au d\u00e9bat et pour lesquelles la r\u00e9gion s\u2019engage. Il s\u2019agit de mieux prendre en consid\u00e9ration des aspects comme la gestion des d\u00e9chets ou \u00eatre plus attentif \u00e0 la gestion <\/span><\/span><span style=\"font-family: Calibri, sans-serif;\"><span style=\"font-size: medium;\">fonci\u00e8re.<\/span><\/span><span style=\"font-family: Calibri, sans-serif;\"><span style=\"font-size: medium;\"> Il ne s\u2019agit nullement de figer toutes les op\u00e9rations <\/span><\/span><span style=\"font-family: Calibri, sans-serif;\"><span style=\"font-size: medium;\">fonci\u00e8res<\/span><\/span><span style=\"font-family: Calibri, sans-serif;\"><span style=\"font-size: medium;\"> mais d\u2019\u00eatre plus attentif au respect de l\u2019environnement. <\/span><\/span><span style=\"font-family: Calibri, sans-serif;\"><span style=\"font-size: medium;\">Un \u00e9l\u00e9ment de <\/span><\/span><span style=\"font-family: Calibri, sans-serif;\"><span style=\"font-size: medium;\">r\u00e9flexion<\/span><\/span><span style=\"font-family: Calibri, sans-serif;\"><span style=\"font-size: medium;\"> manque pourtant, <\/span><\/span><span style=\"font-family: Calibri, sans-serif;\"><span style=\"font-size: medium;\">i<\/span><\/span><span style=\"font-family: Calibri, sans-serif;\"><span style=\"font-size: medium;\">l aurait \u00e9t\u00e9 souhaitable que la r\u00e9gion <\/span><\/span><span style=\"font-family: Calibri, sans-serif;\"><span style=\"font-size: medium;\">saisisse<\/span><\/span><span style=\"font-family: Calibri, sans-serif;\"><span style=\"font-size: medium;\"> ce d\u00e9bat pour engager l\u2019implantation d\u2019une <\/span><\/span><span style=\"font-family: Calibri, sans-serif;\"><span style=\"font-size: medium;\">For\u00eat<\/span><\/span> <span style=\"font-family: Calibri, sans-serif;\"><span style=\"font-size: medium;\">P<\/span><\/span><span style=\"font-family: Calibri, sans-serif;\"><span style=\"font-size: medium;\">rimaire. <\/span><\/span><\/p>\n<p align=\"justify\"><span style=\"font-family: Calibri, sans-serif;\"><span style=\"font-size: medium;\">Ces modifications apport\u00e9es au SRADDET font l\u2019objet d\u2019une concertation publique. Les habitants.<\/span><\/span><span style=\"font-family: Calibri, sans-serif;\"><span style=\"font-size: medium;\">es<\/span><\/span><span style=\"font-family: Calibri, sans-serif;\"><span style=\"font-size: medium;\"> sont sollicit\u00e9s.<\/span><\/span><span style=\"font-family: Calibri, sans-serif;\"><span style=\"font-size: medium;\">es<\/span><\/span><span style=\"font-family: Calibri, sans-serif;\"><span style=\"font-size: medium;\"> pour donner leur avis jusqu\u2019au 31 mai prochain sur le site de la r\u00e9gion. Cette consultation est importante, <\/span><\/span><span style=\"font-family: Calibri, sans-serif;\"><span style=\"font-size: medium;\">e<\/span><\/span><span style=\"font-family: Calibri, sans-serif;\"><span style=\"font-size: medium;\">lle touche notamment les territoires ruraux et leur <\/span><\/span><span style=\"font-family: Calibri, sans-serif;\"><span style=\"font-size: medium;\">n\u00e9cessaire<\/span><\/span><span style=\"font-family: Calibri, sans-serif;\"><span style=\"font-size: medium;\"> d\u00e9senclavement <\/span><\/span><span style=\"font-family: Calibri, sans-serif;\"><span style=\"font-size: medium;\">mais aussi <\/span><\/span><span style=\"font-family: Calibri, sans-serif;\"><span style=\"font-size: medium;\">des domaines sensibles comme l\u2019habitat ou la lutte contre l\u2019artificialisation des sols.<\/span><\/span><\/p>\n<p align=\"justify\"><span style=\"font-family: Calibri, sans-serif;\"><span style=\"font-size: medium;\">Il est regrettable que la r\u00e9gion ne communique pas plus sur cette consultation en cours. La politique qui sera prise en compte touche <\/span><\/span><span style=\"font-family: Calibri, sans-serif;\"><span style=\"font-size: medium;\">pourtant des sujets qui engagent l\u2019avenir de notre territoire. Les intercommunalit\u00e9s pourraient \u00e9galement mettre cette politique \u00e0 l\u2019ordre du jour de leur r\u00e9union.<\/span><\/span><\/p>\n<p align=\"right\"><span style=\"color: #000000;\"><span style=\"font-family: Calibri, sans-serif;\"><span style=\"font-size: small;\"><span style=\"font-size: medium;\">Sylvain DALLA ROSA<\/span><\/span><\/span><\/span><\/p>\n","protected":false},"excerpt":{"rendered":"<p>Une consultation est en cours concernant le SRADDET (sch\u00e9ma r\u00e9gional d\u2019am\u00e9nagement, de d\u00e9veloppement durable des territoires). Ce dispositif est pilot\u00e9 par la r\u00e9gion Grand Est. Ce sch\u00e9ma r\u00e9gional fixe les objectifs de moyen et long termes pour une gestion plus soucieuse de l\u2019environnement. Le SRADDET est un texte de loi vot\u00e9 nationalement en 2019. Il [&hellip;]<\/p>\n","protected":false},"author":4,"featured_media":0,"comment_status":"closed","ping_status":"open","sticky":false,"template":"","format":"standard","meta":{"saved_in_kubio":false,"footnotes":""},"categories":[1],"tags":[],"class_list":["post-3345","post","type-post","status-publish","format-standard","hentry","category-non-classe"],"_links":{"self":[{"href":"https:\/\/pcf08.com\/index.php\/wp-json\/wp\/v2\/posts\/3345","targetHints":{"allow":["GET"]}}],"collection":[{"href":"https:\/\/pcf08.com\/index.php\/wp-json\/wp\/v2\/posts"}],"about":[{"href":"https:\/\/pcf08.com\/index.php\/wp-json\/wp\/v2\/types\/post"}],"author":[{"embeddable":true,"href":"https:\/\/pcf08.com\/index.php\/wp-json\/wp\/v2\/users\/4"}],"replies":[{"embeddable":true,"href":"https:\/\/pcf08.com\/index.php\/wp-json\/wp\/v2\/comments?post=3345"}],"version-history":[{"count":1,"href":"https:\/\/pcf08.com\/index.php\/wp-json\/wp\/v2\/posts\/3345\/revisions"}],"predecessor-version":[{"id":3347,"href":"https:\/\/pcf08.com\/index.php\/wp-json\/wp\/v2\/posts\/3345\/revisions\/3347"}],"wp:attachment":[{"href":"https:\/\/pcf08.com\/index.php\/wp-json\/wp\/v2\/media?parent=3345"}],"wp:term":[{"taxonomy":"category","embeddable":true,"href":"https:\/\/pcf08.com\/index.php\/wp-json\/wp\/v2\/categories?post=3345"},{"taxonomy":"post_tag","embeddable":true,"href":"https:\/\/pcf08.com\/index.php\/wp-json\/wp\/v2\/tags?post=3345"}],"curies":[{"name":"wp","href":"https:\/\/api.w.org\/{rel}","templated":true}]}}