{"id":3334,"date":"2025-05-02T11:21:45","date_gmt":"2025-05-02T09:21:45","guid":{"rendered":"https:\/\/pcf08.com\/?p=3334"},"modified":"2025-05-02T11:21:45","modified_gmt":"2025-05-02T09:21:45","slug":"danielle-villiere-deces-dune-figure-locale","status":"publish","type":"post","link":"https:\/\/pcf08.com\/index.php\/2025\/05\/02\/danielle-villiere-deces-dune-figure-locale\/","title":{"rendered":"Danielle VILLIERE, d\u00e9c\u00e8s d\u2019une figure locale"},"content":{"rendered":"<p align=\"justify\"><span style=\"font-family: Calibri, sans-serif;\"><span style=\"font-size: medium;\"><img loading=\"lazy\" decoding=\"async\" class=\"size-medium wp-image-3335 alignleft\" src=\"https:\/\/pcf08.com\/wp-content\/uploads\/2025\/05\/danielle-203x300.jpg\" alt=\"\" width=\"203\" height=\"300\" srcset=\"https:\/\/pcf08.com\/wp-content\/uploads\/2025\/05\/danielle-203x300.jpg 203w, https:\/\/pcf08.com\/wp-content\/uploads\/2025\/05\/danielle.jpg 526w\" sizes=\"(max-width: 203px) 100vw, 203px\" \/>C\u2019est avec tristesse que les militants communistes ont appris le d\u00e9c\u00e8s de leur camarade Danielle VILLIERE. Bien connue au-del\u00e0 de notre d\u00e9partement elle \u00e9tait toujours disponible pour participer aux luttes contre la r\u00e9gression sociale. En 1977 elle avait \u00e9t\u00e9 maire-adjointe de Charleville-M\u00e9zi\u00e8res et a eu longuement des responsabilit\u00e9s comme syndicaliste dans le domaine de la sant\u00e9. Elle avait \u00e9galement une passion pour la chanson. Elle interpr\u00e9tait des textes engag\u00e9s.<\/span><\/span><\/p>\n<p align=\"justify\"><span style=\"font-family: Calibri, sans-serif;\"><span style=\"font-size: medium;\">La f\u00e9d\u00e9ration des Ardennes du PCF pr\u00e9sente toutes ses condol\u00e9ances \u00e0 sa famille et a ses proches.<\/span><\/span><\/p>\n","protected":false},"excerpt":{"rendered":"<p>C\u2019est avec tristesse que les militants communistes ont appris le d\u00e9c\u00e8s de leur camarade Danielle VILLIERE. Bien connue au-del\u00e0 de notre d\u00e9partement elle \u00e9tait toujours disponible pour participer aux luttes contre la r\u00e9gression sociale. En 1977 elle avait \u00e9t\u00e9 maire-adjointe de Charleville-M\u00e9zi\u00e8res et a eu longuement des responsabilit\u00e9s comme syndicaliste dans le domaine de la [&hellip;]<\/p>\n","protected":false},"author":4,"featured_media":0,"comment_status":"closed","ping_status":"open","sticky":false,"template":"","format":"standard","meta":{"saved_in_kubio":false,"footnotes":""},"categories":[1],"tags":[],"class_list":["post-3334","post","type-post","status-publish","format-standard","hentry","category-non-classe"],"_links":{"self":[{"href":"https:\/\/pcf08.com\/index.php\/wp-json\/wp\/v2\/posts\/3334","targetHints":{"allow":["GET"]}}],"collection":[{"href":"https:\/\/pcf08.com\/index.php\/wp-json\/wp\/v2\/posts"}],"about":[{"href":"https:\/\/pcf08.com\/index.php\/wp-json\/wp\/v2\/types\/post"}],"author":[{"embeddable":true,"href":"https:\/\/pcf08.com\/index.php\/wp-json\/wp\/v2\/users\/4"}],"replies":[{"embeddable":true,"href":"https:\/\/pcf08.com\/index.php\/wp-json\/wp\/v2\/comments?post=3334"}],"version-history":[{"count":1,"href":"https:\/\/pcf08.com\/index.php\/wp-json\/wp\/v2\/posts\/3334\/revisions"}],"predecessor-version":[{"id":3336,"href":"https:\/\/pcf08.com\/index.php\/wp-json\/wp\/v2\/posts\/3334\/revisions\/3336"}],"wp:attachment":[{"href":"https:\/\/pcf08.com\/index.php\/wp-json\/wp\/v2\/media?parent=3334"}],"wp:term":[{"taxonomy":"category","embeddable":true,"href":"https:\/\/pcf08.com\/index.php\/wp-json\/wp\/v2\/categories?post=3334"},{"taxonomy":"post_tag","embeddable":true,"href":"https:\/\/pcf08.com\/index.php\/wp-json\/wp\/v2\/tags?post=3334"}],"curies":[{"name":"wp","href":"https:\/\/api.w.org\/{rel}","templated":true}]}}