{"id":3331,"date":"2025-05-02T11:20:50","date_gmt":"2025-05-02T09:20:50","guid":{"rendered":"https:\/\/pcf08.com\/?p=3331"},"modified":"2025-05-02T11:20:50","modified_gmt":"2025-05-02T09:20:50","slug":"nationalisons-la-siderurgie-sous-peine-de-la-voire-disparaitre","status":"publish","type":"post","link":"https:\/\/pcf08.com\/index.php\/2025\/05\/02\/nationalisons-la-siderurgie-sous-peine-de-la-voire-disparaitre\/","title":{"rendered":"Nationalisons la sid\u00e9rurgie sous peine de la voire dispara\u00eetre"},"content":{"rendered":"<p align=\"justify\"><span style=\"font-family: Calibri, sans-serif;\"><span style=\"font-size: medium;\"><img loading=\"lazy\" decoding=\"async\" class=\"size-medium wp-image-3332 alignleft\" src=\"https:\/\/pcf08.com\/wp-content\/uploads\/2025\/05\/arcelor-300x169.jpg\" alt=\"\" width=\"300\" height=\"169\" srcset=\"https:\/\/pcf08.com\/wp-content\/uploads\/2025\/05\/arcelor-300x169.jpg 300w, https:\/\/pcf08.com\/wp-content\/uploads\/2025\/05\/arcelor-768x432.jpg 768w, https:\/\/pcf08.com\/wp-content\/uploads\/2025\/05\/arcelor.jpg 950w\" sizes=\"(max-width: 300px) 100vw, 300px\" \/>L\u2019Histoire a tendance \u00e0 se r\u00e9p\u00e9ter. Au d\u00e9but des ann\u00e9es 1980 la casse industrielle frappe les Ardennes. Un des fleurons de notre production est d\u00e9finitivement liquid\u00e9. Il s\u2019agit de la sid\u00e9rurgie et de sa sous-traitance, la m\u00e9tallurgie, qui sont victimes des attaques du gouvernement de l\u2019\u00e9poque et du patronat. Malgr\u00e9 des puissantes luttes ouvri\u00e8re ce sont 900 emplois directs qui seront supprim\u00e9s et plusieurs centaines dans la sous-traitance. L\u2019annonce par Usinor de la fermeture des aci\u00e9ries de la Chiers fut une catastrophe industrielle. La premi\u00e8re vague de d\u00e9sindustrialisation, en marche depuis la r\u00e9gion de Longwy, a atteint les Ardennes.<\/span><\/span><\/p>\n<p align=\"justify\"><span style=\"font-family: Calibri, sans-serif;\"><span style=\"font-size: medium;\">Cette offensive vise \u00e0 d\u00e9truire une industrie majeure pour les Ardennes et la France. Avec la disparition de la sid\u00e9rurgie c\u2019est \u00e0 l\u2019\u00e9tranger que notre pays doit s\u2019alimenter en acier. Cette situation devait lancer le signal de la casse pour d\u2019autres secteurs ardennais. Aujourd\u2019hui la pointe des Ardennes dans le secteur de Givet ou \u00e9tait implant\u00e9 les usines sid\u00e9rurgiques d\u2019Usinor est devenu un d\u00e9sert industriel. Des multiples plans de sauvetage ne feront rien \u00e0 l\u2019affaire sauf \u00e0 alimenter les actionnaires avec l\u2019argent public.<\/span><\/span><\/p>\n<p align=\"justify\"><span style=\"font-family: Calibri, sans-serif;\"><span style=\"font-size: medium;\">Ces derni\u00e8res semaines ce sont les r\u00e9gions Hauts de France (Dunkerque) et Grand Est (Florange et Mouzon) qui sont frapp\u00e9es. Le groupe Arcelor Mittal vient d\u2019annoncer la suppression de 600 emplois directs. Les salari\u00e9s se mobilisent massivement comme \u00e0 Mouzon le 29 avril. Si ce projet arrive \u00e0 son terme, notre production d\u2019acier sera s\u00e9rieusement diminu\u00e9e d\u2019ici quelques ann\u00e9es. Les communistes d\u00e9fendent le maintien de la production en France. Pour \u00e9viter cette disparition, pr\u00e9judiciable \u00e0 l\u2019\u00e9conomie et \u00e0 l\u2019ind\u00e9pendance, nous r\u00e9clamons la nationalisation d\u2019Arcelor Mittal qui doit permettre de pr\u00e9server notre production et moderniser l\u2019outil de travail en am\u00e9liorant le respect de l\u2019environnement.<\/span><\/span><\/p>\n<p align=\"right\"><span style=\"font-family: Calibri, sans-serif;\"><span style=\"font-size: medium;\"> Sylvain DALLA ROSA <\/span><\/span><\/p>\n","protected":false},"excerpt":{"rendered":"<p>L\u2019Histoire a tendance \u00e0 se r\u00e9p\u00e9ter. Au d\u00e9but des ann\u00e9es 1980 la casse industrielle frappe les Ardennes. Un des fleurons de notre production est d\u00e9finitivement liquid\u00e9. Il s\u2019agit de la sid\u00e9rurgie et de sa sous-traitance, la m\u00e9tallurgie, qui sont victimes des attaques du gouvernement de l\u2019\u00e9poque et du patronat. Malgr\u00e9 des puissantes luttes ouvri\u00e8re ce [&hellip;]<\/p>\n","protected":false},"author":4,"featured_media":0,"comment_status":"closed","ping_status":"open","sticky":false,"template":"","format":"standard","meta":{"saved_in_kubio":false,"footnotes":""},"categories":[1],"tags":[],"class_list":["post-3331","post","type-post","status-publish","format-standard","hentry","category-non-classe"],"_links":{"self":[{"href":"https:\/\/pcf08.com\/index.php\/wp-json\/wp\/v2\/posts\/3331","targetHints":{"allow":["GET"]}}],"collection":[{"href":"https:\/\/pcf08.com\/index.php\/wp-json\/wp\/v2\/posts"}],"about":[{"href":"https:\/\/pcf08.com\/index.php\/wp-json\/wp\/v2\/types\/post"}],"author":[{"embeddable":true,"href":"https:\/\/pcf08.com\/index.php\/wp-json\/wp\/v2\/users\/4"}],"replies":[{"embeddable":true,"href":"https:\/\/pcf08.com\/index.php\/wp-json\/wp\/v2\/comments?post=3331"}],"version-history":[{"count":1,"href":"https:\/\/pcf08.com\/index.php\/wp-json\/wp\/v2\/posts\/3331\/revisions"}],"predecessor-version":[{"id":3333,"href":"https:\/\/pcf08.com\/index.php\/wp-json\/wp\/v2\/posts\/3331\/revisions\/3333"}],"wp:attachment":[{"href":"https:\/\/pcf08.com\/index.php\/wp-json\/wp\/v2\/media?parent=3331"}],"wp:term":[{"taxonomy":"category","embeddable":true,"href":"https:\/\/pcf08.com\/index.php\/wp-json\/wp\/v2\/categories?post=3331"},{"taxonomy":"post_tag","embeddable":true,"href":"https:\/\/pcf08.com\/index.php\/wp-json\/wp\/v2\/tags?post=3331"}],"curies":[{"name":"wp","href":"https:\/\/api.w.org\/{rel}","templated":true}]}}