{"id":3328,"date":"2025-05-02T11:19:41","date_gmt":"2025-05-02T09:19:41","guid":{"rendered":"https:\/\/pcf08.com\/?p=3328"},"modified":"2025-05-02T11:19:41","modified_gmt":"2025-05-02T09:19:41","slug":"cent-ans-pour-la-societe-des-ecrivains-ardennais-sea","status":"publish","type":"post","link":"https:\/\/pcf08.com\/index.php\/2025\/05\/02\/cent-ans-pour-la-societe-des-ecrivains-ardennais-sea\/","title":{"rendered":"Cent ans pour la Soci\u00e9t\u00e9 des \u00c9crivains Ardennais (SEA)"},"content":{"rendered":"<p align=\"justify\"><span style=\"font-family: Calibri, sans-serif;\"><span style=\"font-size: medium;\"><img loading=\"lazy\" decoding=\"async\" class=\"size-full wp-image-3329 alignleft\" src=\"https:\/\/pcf08.com\/wp-content\/uploads\/2025\/05\/ecrivain.jpg\" alt=\"\" width=\"153\" height=\"216\" \/>Association r\u00e9gie par la loi 1901, cette \u00abSoci\u00e9t\u00e9\u00bb a une appellation qui refroidissait certains: ils pensaient qu\u2019elle \u00e9tait r\u00e9serv\u00e9e \u00e0 des initi\u00e9s intellos, peut-\u00eatre\u2026 alors qu\u2019elle a toujours rassembl\u00e9 des passionn\u00e9s de lecture, d\u2019\u00e9criture et de litt\u00e9rature. <\/span><\/span><\/p>\n<p align=\"justify\"><span style=\"font-family: Calibri, sans-serif;\"><span style=\"font-size: medium;\">C\u2019est Carmen Berg\u00e8s, actuelle pr\u00e9sidente, qui a orchestr\u00e9 avec brio les \u00e9v\u00e9nements du centenaire, du 29 mars au 25 avril 2025 \u00e0 Charleville-M\u00e9zi\u00e8res, avec des conf\u00e9rences qui ont retrac\u00e9 les vies de Jean-Paul Vaillant, Jean Rogissart, Andr\u00e9 Dh\u00f4tel, Eva Thom\u00e9, Camille Lecrique, et Jean-Pol Cordier, grands noms de la SEA. Pour ce centenaire il y a eu \u00e9galement une pi\u00e8ce radiophonique d\u2019Andr\u00e9 Dh\u00f4tel mise en sc\u00e8ne par la sympathique troupe sedanaise \u00abLe th\u00e9\u00e2tre de la grande Oreille\u00bb, et une exposition retra\u00e7ant les diff\u00e9rentes \u00e9poques de la SEA. Celle-ci est actuellement visible au Mus\u00e9e de la m\u00e9tallurgie ardennaise \u00e0 Bogny-sur-Meuse (qui durera au-del\u00e0 du 30 avril, au moins tout le mois de mai 2025, entr\u00e9e gratuite). <\/span><\/span><\/p>\n<p align=\"justify\"><span style=\"font-family: Calibri, sans-serif;\"><span style=\"font-size: medium;\">Surveillez aussi les ondes de Radio Bouton (fr\u00e9quence 90.6), o\u00f9 la SEA pr\u00e9sentera une s\u00e9rie d\u2019\u00e9missions litt\u00e9raires, sans oublier l\u2019atelier d\u2019\u00e9criture, le club-lecture, et les publications (\u00e9ditoriales, ou internet sur Facebook). <\/span><\/span><\/p>\n<p align=\"right\"><span style=\"font-family: Calibri, sans-serif;\"><span style=\"font-size: medium;\"> Richard DALLA ROSA<\/span><\/span><\/p>\n<p align=\"right\"><span style=\"font-family: Calibri, sans-serif;\"><span style=\"font-size: medium;\"> Ancien pr\u00e9sident de la SEA<\/span><\/span><\/p>\n","protected":false},"excerpt":{"rendered":"<p>Association r\u00e9gie par la loi 1901, cette \u00abSoci\u00e9t\u00e9\u00bb a une appellation qui refroidissait certains: ils pensaient qu\u2019elle \u00e9tait r\u00e9serv\u00e9e \u00e0 des initi\u00e9s intellos, peut-\u00eatre\u2026 alors qu\u2019elle a toujours rassembl\u00e9 des passionn\u00e9s de lecture, d\u2019\u00e9criture et de litt\u00e9rature. C\u2019est Carmen Berg\u00e8s, actuelle pr\u00e9sidente, qui a orchestr\u00e9 avec brio les \u00e9v\u00e9nements du centenaire, du 29 mars au [&hellip;]<\/p>\n","protected":false},"author":4,"featured_media":0,"comment_status":"closed","ping_status":"open","sticky":false,"template":"","format":"standard","meta":{"saved_in_kubio":false,"footnotes":""},"categories":[1],"tags":[],"class_list":["post-3328","post","type-post","status-publish","format-standard","hentry","category-non-classe"],"_links":{"self":[{"href":"https:\/\/pcf08.com\/index.php\/wp-json\/wp\/v2\/posts\/3328","targetHints":{"allow":["GET"]}}],"collection":[{"href":"https:\/\/pcf08.com\/index.php\/wp-json\/wp\/v2\/posts"}],"about":[{"href":"https:\/\/pcf08.com\/index.php\/wp-json\/wp\/v2\/types\/post"}],"author":[{"embeddable":true,"href":"https:\/\/pcf08.com\/index.php\/wp-json\/wp\/v2\/users\/4"}],"replies":[{"embeddable":true,"href":"https:\/\/pcf08.com\/index.php\/wp-json\/wp\/v2\/comments?post=3328"}],"version-history":[{"count":1,"href":"https:\/\/pcf08.com\/index.php\/wp-json\/wp\/v2\/posts\/3328\/revisions"}],"predecessor-version":[{"id":3330,"href":"https:\/\/pcf08.com\/index.php\/wp-json\/wp\/v2\/posts\/3328\/revisions\/3330"}],"wp:attachment":[{"href":"https:\/\/pcf08.com\/index.php\/wp-json\/wp\/v2\/media?parent=3328"}],"wp:term":[{"taxonomy":"category","embeddable":true,"href":"https:\/\/pcf08.com\/index.php\/wp-json\/wp\/v2\/categories?post=3328"},{"taxonomy":"post_tag","embeddable":true,"href":"https:\/\/pcf08.com\/index.php\/wp-json\/wp\/v2\/tags?post=3328"}],"curies":[{"name":"wp","href":"https:\/\/api.w.org\/{rel}","templated":true}]}}