{"id":3325,"date":"2025-05-02T11:17:45","date_gmt":"2025-05-02T09:17:45","guid":{"rendered":"https:\/\/pcf08.com\/?p=3325"},"modified":"2025-05-02T11:17:45","modified_gmt":"2025-05-02T09:17:45","slug":"lecole-sacrifiee","status":"publish","type":"post","link":"https:\/\/pcf08.com\/index.php\/2025\/05\/02\/lecole-sacrifiee\/","title":{"rendered":"L\u2019\u00e9cole sacrifi\u00e9e"},"content":{"rendered":"<p align=\"justify\"><span style=\"color: #000000;\"><span style=\"font-family: Calibri, sans-serif;\"><span style=\"font-size: medium;\"><img loading=\"lazy\" decoding=\"async\" class=\"size-medium wp-image-3326 alignleft\" src=\"https:\/\/pcf08.com\/wp-content\/uploads\/2025\/05\/ecole-4-300x107.jpg\" alt=\"\" width=\"300\" height=\"107\" srcset=\"https:\/\/pcf08.com\/wp-content\/uploads\/2025\/05\/ecole-4-300x107.jpg 300w, https:\/\/pcf08.com\/wp-content\/uploads\/2025\/05\/ecole-4-1024x364.jpg 1024w, https:\/\/pcf08.com\/wp-content\/uploads\/2025\/05\/ecole-4-768x273.jpg 768w, https:\/\/pcf08.com\/wp-content\/uploads\/2025\/05\/ecole-4-1536x546.jpg 1536w, https:\/\/pcf08.com\/wp-content\/uploads\/2025\/05\/ecole-4.jpg 1950w\" sizes=\"(max-width: 300px) 100vw, 300px\" \/>Depuis la nomination de Bayrou, le flou sur le budget de l\u2019\u00c9ducation nationale a longtemps \u00e9t\u00e9 de mise. Au final, le budget d\u00e9di\u00e9 impos\u00e9 par 49.3 d\u00e9but f\u00e9vrier est tr\u00e8s insuffisant. Si E. Borne, la nouvelle ministre de l\u2019\u00c9ducation Nationale, qui reconna\u00eet qu\u2019elle ne conna\u00eet pas grand-chose aux questions d\u2019\u00e9ducation, a annonc\u00e9 la non-suppression des 4000 postes d\u2019enseignant\u00b7es il y a quand m\u00eame des suppressions dans le 1er degr\u00e9 afin de couvrir les besoins pour les groupes de niveaux au coll\u00e8ge. Les organisations syndicales restent fermement oppos\u00e9es \u00e0 ces groupes dits de besoin, au tri social qu\u2019ils g\u00e9n\u00e8rent in\u00e9vitablement et qui ne r\u00e9pond aucunement au probl\u00e8me de la difficult\u00e9 scolaire. La seule chose que le Choc des Savoirs a montr\u00e9e, c\u2019est que les effectifs plus r\u00e9duits offrent des conditions plus favorables aux \u00e9l\u00e8ves. <\/span><\/span><\/span><\/p>\n<p align=\"justify\"><span style=\"color: #000000;\"><span style=\"font-family: Calibri, sans-serif;\"><span style=\"font-size: medium;\">Notre acad\u00e9mie n\u2019\u00e9chappe pas aux suppressions de postes : 38. Le pr\u00e9texte de la baisse d\u00e9mographique devrait plut\u00f4t permettre d\u2019envisager, enfin, une diminution du nombre d\u2019\u00e9l\u00e8ves par classe et l\u2019abondement de brigades de remplacement. <\/span><\/span><\/span><\/p>\n<p align=\"justify\"><span style=\"color: #000000;\"><span style=\"font-family: Calibri, sans-serif;\"><span style=\"font-size: medium;\">Et rappelons la scandaleuse fermeture du lyc\u00e9e Simone Veil dont les \u00e9l\u00e8ves vont \u00eatre absorb\u00e9s dans deux \u00e9tablissements\u00a0: l\u2019occasion de r\u00e9duire le nombre des personnels enseignants et administratifs: c\u2019est ce qu\u2019on appelle de l\u2019optimisation faisant fi de la vie de ces salari\u00e9s.<\/span><\/span><\/span><\/p>\n<p align=\"justify\"><span style=\"color: #000000;\"><span style=\"font-family: Calibri, sans-serif;\"><span style=\"font-size: medium;\">Alors que les manques de personnels sont d\u00e9sormais une r\u00e9alit\u00e9 intangible et visible de tou\u00b7tes, le gouvernement ne r\u00e9pond pas aux exigences d\u2019un Service public d\u2019\u00c9ducation devant avoir les moyens d\u2019accueillir tou\u00b7tes les \u00e9l\u00e8ves pr\u00e9f\u00e9rant ainsi l\u2019emploi de personnels pr\u00e9caires. Le taux d\u2019encadrement restera parmi les plus \u00e9lev\u00e9s d\u2019Europe\u00a0!<\/span><\/span><\/span><\/p>\n<p align=\"justify\"><span style=\"color: #000000;\"><span style=\"font-family: Calibri, sans-serif;\"><span style=\"font-size: medium;\">Ce gouvernement ne donne pas les moyens non plus d\u2019acc\u00e9der \u00e0 un droit fondamental : la scolarisation pour tou\u00b7tes. Pour cela il faut des moyens, des effectifs r\u00e9duits dans les classes pour faciliter l\u2019inclusion, des personnels sp\u00e9cialis\u00e9s et des places suffisantes dans les structures adapt\u00e9es. Les quelques cr\u00e9ations de postes pr\u00e9caires d\u2019AESH ne r\u00e9pondent pas \u00e0 une scolarisation inclusive au moment o\u00f9 nous f\u00eatons les 20 ans de la loi Handicap.<\/span><\/span><\/span><\/p>\n<p align=\"justify\"><span style=\"color: #000000;\"><span style=\"font-family: Calibri, sans-serif;\"><span style=\"font-size: medium;\">La Ministre assume poursuivre les r\u00e9formes qui ont profond\u00e9ment d\u00e9structur\u00e9 notre syst\u00e8me \u00e9ducatif accentuant in\u00e9galit\u00e9s et discrimination : r\u00e9forme du bac et Parcoursup, r\u00e9forme de la voie professionnelle, choc des savoirs et ses groupes de niveau, \u00e9valuation \u00e0 tous les niveaux. <\/span><\/span><\/span><\/p>\n<p align=\"justify\"><span style=\"color: #000000;\"><span style=\"font-family: Calibri, sans-serif;\"><span style=\"font-size: medium;\">Les annonces s\u2019encha\u00eenent, se contredisent (comme sur le Pass culture). Il n\u2019est pas acceptable pour la communaut\u00e9 \u00e9ducative d\u2019appr\u00e9hender chaque jour \u00ab ce qui va nous tomber sur la t\u00eate \u00bb. Il n\u2019est pas acceptable de r\u00e9duire l\u2019accessibilit\u00e9 \u00e0 la culture alors que celle-ci contribue grandement \u00e0 l\u2019\u00e9panouissement de nos \u00e9l\u00e8ves des quartiers populaires, des \u00e9tablissements d\u2019\u00e9ducation prioritaires<\/span><\/span><\/span><\/p>\n<p align=\"justify\"><span style=\"font-family: Calibri, sans-serif;\"><span style=\"font-size: medium;\">A l\u2019oppos\u00e9 des choix gouvernementaux de sacrifier l\u2019avenir du service public d\u2019\u00e9ducation aux exigences de l\u2019\u00e9conomie lib\u00e9rale et d\u2019enfermer les enfants des classes populaires dans une orientation plus pr\u00e9coce vers des emplois peu qualifi\u00e9s et pr\u00e9caires, le Parti Communiste Fran\u00e7ais r\u00e9affirme son projet d\u2019une \u00e9cole \u00e9galitaire et \u00e9mancipatrice avec les moyens n\u00e9cessaires \u00e0 sa mise en \u0153uvre.<\/span><\/span><\/p>\n<p align=\"right\"><span style=\"font-family: Calibri, sans-serif;\"><span style=\"font-size: medium;\">M\u00e9zhoura NAIT ABDELAZIZ<\/span><\/span><\/p>\n","protected":false},"excerpt":{"rendered":"<p>Depuis la nomination de Bayrou, le flou sur le budget de l\u2019\u00c9ducation nationale a longtemps \u00e9t\u00e9 de mise. Au final, le budget d\u00e9di\u00e9 impos\u00e9 par 49.3 d\u00e9but f\u00e9vrier est tr\u00e8s insuffisant. Si E. Borne, la nouvelle ministre de l\u2019\u00c9ducation Nationale, qui reconna\u00eet qu\u2019elle ne conna\u00eet pas grand-chose aux questions d\u2019\u00e9ducation, a annonc\u00e9 la non-suppression des [&hellip;]<\/p>\n","protected":false},"author":4,"featured_media":0,"comment_status":"closed","ping_status":"open","sticky":false,"template":"","format":"standard","meta":{"saved_in_kubio":false,"footnotes":""},"categories":[1],"tags":[],"class_list":["post-3325","post","type-post","status-publish","format-standard","hentry","category-non-classe"],"_links":{"self":[{"href":"https:\/\/pcf08.com\/index.php\/wp-json\/wp\/v2\/posts\/3325","targetHints":{"allow":["GET"]}}],"collection":[{"href":"https:\/\/pcf08.com\/index.php\/wp-json\/wp\/v2\/posts"}],"about":[{"href":"https:\/\/pcf08.com\/index.php\/wp-json\/wp\/v2\/types\/post"}],"author":[{"embeddable":true,"href":"https:\/\/pcf08.com\/index.php\/wp-json\/wp\/v2\/users\/4"}],"replies":[{"embeddable":true,"href":"https:\/\/pcf08.com\/index.php\/wp-json\/wp\/v2\/comments?post=3325"}],"version-history":[{"count":1,"href":"https:\/\/pcf08.com\/index.php\/wp-json\/wp\/v2\/posts\/3325\/revisions"}],"predecessor-version":[{"id":3327,"href":"https:\/\/pcf08.com\/index.php\/wp-json\/wp\/v2\/posts\/3325\/revisions\/3327"}],"wp:attachment":[{"href":"https:\/\/pcf08.com\/index.php\/wp-json\/wp\/v2\/media?parent=3325"}],"wp:term":[{"taxonomy":"category","embeddable":true,"href":"https:\/\/pcf08.com\/index.php\/wp-json\/wp\/v2\/categories?post=3325"},{"taxonomy":"post_tag","embeddable":true,"href":"https:\/\/pcf08.com\/index.php\/wp-json\/wp\/v2\/tags?post=3325"}],"curies":[{"name":"wp","href":"https:\/\/api.w.org\/{rel}","templated":true}]}}