{"id":3311,"date":"2025-04-25T13:08:07","date_gmt":"2025-04-25T11:08:07","guid":{"rendered":"https:\/\/pcf08.com\/?p=3311"},"modified":"2025-04-25T13:08:07","modified_gmt":"2025-04-25T11:08:07","slug":"les-elus-pcf-preparent-les-futures-elections-municipales","status":"publish","type":"post","link":"https:\/\/pcf08.com\/index.php\/2025\/04\/25\/les-elus-pcf-preparent-les-futures-elections-municipales\/","title":{"rendered":"Les \u00e9lus PCF pr\u00e9parent les futures \u00e9lections municipales"},"content":{"rendered":"<p align=\"justify\"><span style=\"color: #000000;\"><span style=\"font-family: Calibri, sans-serif;\"><span style=\"font-size: medium;\"><img loading=\"lazy\" decoding=\"async\" class=\"size-medium wp-image-3312 alignleft\" src=\"https:\/\/pcf08.com\/wp-content\/uploads\/2025\/04\/Asphixie-commune-300x102.png\" alt=\"\" width=\"300\" height=\"102\" srcset=\"https:\/\/pcf08.com\/wp-content\/uploads\/2025\/04\/Asphixie-commune-300x102.png 300w, https:\/\/pcf08.com\/wp-content\/uploads\/2025\/04\/Asphixie-commune-768x261.png 768w, https:\/\/pcf08.com\/wp-content\/uploads\/2025\/04\/Asphixie-commune.png 1000w\" sizes=\"(max-width: 300px) 100vw, 300px\" \/>Rassembler, r\u00e9sister, innover <\/span><\/span><\/span><span style=\"color: #000000;\"><span style=\"font-family: Calibri, sans-serif;\"><span style=\"font-size: medium;\">l<\/span><\/span><\/span><span style=\"color: #000000;\"><span style=\"font-family: Calibri, sans-serif;\"><span style=\"font-size: medium;\">\u2019assembl\u00e9e g\u00e9n\u00e9rale de la Coop\u00e9rative des \u00c9lu\u00b7e\u00b7s <\/span><\/span><\/span><span style=\"color: #000000;\"><span style=\"font-family: Calibri, sans-serif;\"><span style=\"font-size: medium;\">(Coop)<\/span><\/span><\/span><span style=\"color: #000000;\"><span style=\"font-family: Calibri, sans-serif;\"><span style=\"font-size: medium;\"> donne le ton pour 2026. Le 28 mars s\u2019est tenue la derni\u00e8re assembl\u00e9e g\u00e9n\u00e9rale de la Coop\u00e9rative des \u00c9lu\u00b7e\u00b7s communistes <\/span><\/span><\/span><span style=\"color: #000000;\"><span style=\"font-family: Calibri, sans-serif;\"><span style=\"font-size: medium;\">pour lancer la pr\u00e9paration d<\/span><\/span><\/span><span style=\"color: #000000;\"><span style=\"font-family: Calibri, sans-serif;\"><span style=\"font-size: medium;\">es \u00e9lections municipales de 2026. Cet \u00e9v\u00e9nement a \u00e9t\u00e9 l\u2019occasion d\u2019organiser le r\u00e9seau des \u00e9lu\u00b7e\u00b7s nationaux pour r\u00e9pondre aux enjeux d\u2019une \u00e9poque agit\u00e9e et r\u00e9affirmer ses principes. Quel mandat ? Nos \u00e9diles ont vu leur d\u00e9termination et efficacit\u00e9 durement mises \u00e0 l\u2019\u00e9preuve. Depuis 2020, ils auront travers\u00e9 la crise sanitaire, la crise \u00e9nerg\u00e9tique, la crise des finances publiques et la dette de l\u2019\u00c9tat, la crise d\u00e9mocratique des retraites,&#8230; Le r\u00e9seau compte pr\u00e8s de 5000 \u00e9lu\u00b7e\u00b7s, 70% de ces derniers ont des fonctions dans des communes de moins de 10 000 habitants. La Coop a synth\u00e9tis\u00e9 plusieurs \u00e9tudes qui mettent en lumi\u00e8re les premi\u00e8res pr\u00e9occupations r\u00e9currentes des Fran\u00e7ais\u00b7e\u00b7s : l\u2019<\/span><\/span><\/span><span style=\"color: #000000;\"><span style=\"font-family: Calibri, sans-serif;\"><span style=\"font-size: medium;\">i<\/span><\/span><\/span><span style=\"color: #000000;\"><span style=\"font-family: Calibri, sans-serif;\"><span style=\"font-size: medium;\">nflation et <\/span><\/span><\/span><span style=\"color: #000000;\"><span style=\"font-family: Calibri, sans-serif;\"><span style=\"font-size: medium;\">le <\/span><\/span><\/span><span style=\"color: #000000;\"><span style=\"font-family: Calibri, sans-serif;\"><span style=\"font-size: medium;\">pouvoir d\u2019achat, avec une r\u00e9percussion directe sur la hausse de la pauvret\u00e9 et des in\u00e9gali<\/span><\/span><\/span><span style=\"color: #000000;\"><span style=\"font-family: Calibri, sans-serif;\"><span style=\"font-size: medium;\">t\u00e9s, <\/span><\/span><\/span><span style=\"color: #000000;\"><span style=\"font-family: Calibri, sans-serif;\"><span style=\"font-size: medium;\">ainsi que les <\/span><\/span><\/span><span style=\"color: #000000;\"><span style=\"font-family: Calibri, sans-serif;\"><span style=\"font-size: medium;\">questions <\/span><\/span><\/span><span style=\"color: #000000;\"><span style=\"font-family: Calibri, sans-serif;\"><span style=\"font-size: medium;\">li\u00e9es \u00e0 la<\/span><\/span><\/span><span style=\"color: #000000;\"><span style=\"font-family: Calibri, sans-serif;\"><span style=\"font-size: medium;\"> sant\u00e9. <\/span><\/span><\/span><\/p>\n<p align=\"justify\"><span style=\"color: #000000;\"><span style=\"font-family: Calibri, sans-serif;\"><span style=\"font-size: medium;\"> Notons aussi les questions relatives \u00e0 la criminalit\u00e9, la violence et la s\u00e9curit\u00e9, durablement inscrites dans le r\u00e9el. Le droit \u00e0 la s\u00e9curit\u00e9 est un sujet trop souvent consid\u00e9r\u00e9 tabou. <\/span><\/span><\/span><span style=\"color: #000000;\"><span style=\"font-family: Calibri, sans-serif;\"><span style=\"font-size: medium;\">P<\/span><\/span><\/span><span style=\"color: #000000;\"><span style=\"font-family: Calibri, sans-serif;\"><span style=\"font-size: medium;\">ourtant c\u2019est un droit collectif et aussi un service public qui n\u00e9cessite notre attention, tant que nous pla\u00e7ons nos actions dans un continuum alliant le travail, le d\u00e9veloppement du tissu \u00e9conomique et associatif, la pr\u00e9vention et le rapport aux forces de l\u2019ordre et de la justice. Depuis 2020, les centres de pouvoir ont \u00e9norm\u00e9ment \u00e9volu\u00e9, la pr\u00e9sence et le renforcement de nos \u00e9lus dans les intercommunalit\u00e9s renforcent l\u2019influence dans ses comp\u00e9tences et dans ses organismes associ\u00e9s: eau, \u00e9nergie, logement, sant\u00e9, s\u00e9curit\u00e9, sport, \u00e9ducation\u2026 <\/span><\/span><\/span><\/p>\n<p align=\"justify\"><span style=\"color: #000000;\"><span style=\"font-family: Calibri, sans-serif;\"><span style=\"font-size: medium;\"> Les intercommunalit\u00e9s sont des leviers du pouvoir d\u2019agir sur le r\u00e9el. Depuis 2022, la Coop peut compter sur le r\u00e9seau des directeurs de cabinets qui fait preuve d\u2019une efficacit\u00e9 forte dans l\u2019\u00e9change de pratique. Ce r\u00e9seau <\/span><\/span><\/span><span style=\"color: #000000;\"><span style=\"font-family: Calibri, sans-serif;\"><span style=\"font-size: medium;\">est <\/span><\/span><\/span><span style=\"color: #000000;\"><span style=\"font-family: Calibri, sans-serif;\"><span style=\"font-size: medium;\">pr\u00e9sent sur 50 villes de plus de 10 000 hab. En plus de ces orientations pour 2026, la Coop met \u00e0 disposition une \u00abboite \u00e0 outils\u00bb pour les \u00e9lu\u00b7e\u00b7s et les candidat\u00b7e\u00b7s, outils de sondages, base de donn\u00e9es documentaires, \u00e9changes de bonnes id\u00e9es et pratiques, formations&#8230; en plus de son site Internet en partie consultable par le public. La Coop consid\u00e8re que nous vivons une \u00abacc\u00e9l\u00e9ration de l\u2019histoire\u00bb et que la n\u00e9cessit\u00e9 d\u2019un r\u00e9seau national d\u2019\u00e9changes d\u2019exp\u00e9riences et d\u2019outils de pratique du pouvoir ne s\u2019est jamais fait autant sentir. En ce sens, elle s\u2019engage <\/span><\/span><\/span><span style=\"color: #000000;\"><span style=\"font-family: Calibri, sans-serif;\"><span style=\"font-size: medium;\">aux <\/span><\/span><\/span><span style=\"color: #000000;\"><span style=\"font-family: Calibri, sans-serif;\"><span style=\"font-size: medium;\">c<\/span><\/span><\/span><span style=\"color: #000000;\"><span style=\"font-family: Calibri, sans-serif;\"><span style=\"font-size: medium;\">\u00f4<\/span><\/span><\/span><span style=\"color: #000000;\"><span style=\"font-family: Calibri, sans-serif;\"><span style=\"font-size: medium;\">t\u00e9s<\/span><\/span><\/span><span style=\"color: #000000;\"><span style=\"font-family: Calibri, sans-serif;\"><span style=\"font-size: medium;\"> des associations de solidarit\u00e9 comme<\/span><\/span><\/span><span style=\"color: #000000;\"><span style=\"font-family: Calibri, sans-serif;\"><span style=\"font-size: medium;\"> le Secours populaire fran\u00e7ais, dans les r\u00e9seaux europ\u00e9ens d\u2019\u00e9lus et dans la solidarit\u00e9, contre la guerre, \u00e0 l\u2019heure de la comm\u00e9moration des 80 ans d\u2019 Hiroshima et Nagasaki. <\/span><\/span><\/span><\/p>\n","protected":false},"excerpt":{"rendered":"<p>Rassembler, r\u00e9sister, innover l\u2019assembl\u00e9e g\u00e9n\u00e9rale de la Coop\u00e9rative des \u00c9lu\u00b7e\u00b7s (Coop) donne le ton pour 2026. Le 28 mars s\u2019est tenue la derni\u00e8re assembl\u00e9e g\u00e9n\u00e9rale de la Coop\u00e9rative des \u00c9lu\u00b7e\u00b7s communistes pour lancer la pr\u00e9paration des \u00e9lections municipales de 2026. Cet \u00e9v\u00e9nement a \u00e9t\u00e9 l\u2019occasion d\u2019organiser le r\u00e9seau des \u00e9lu\u00b7e\u00b7s nationaux pour r\u00e9pondre aux enjeux [&hellip;]<\/p>\n","protected":false},"author":4,"featured_media":0,"comment_status":"closed","ping_status":"open","sticky":false,"template":"","format":"standard","meta":{"saved_in_kubio":false,"footnotes":""},"categories":[1],"tags":[],"class_list":["post-3311","post","type-post","status-publish","format-standard","hentry","category-non-classe"],"_links":{"self":[{"href":"https:\/\/pcf08.com\/index.php\/wp-json\/wp\/v2\/posts\/3311","targetHints":{"allow":["GET"]}}],"collection":[{"href":"https:\/\/pcf08.com\/index.php\/wp-json\/wp\/v2\/posts"}],"about":[{"href":"https:\/\/pcf08.com\/index.php\/wp-json\/wp\/v2\/types\/post"}],"author":[{"embeddable":true,"href":"https:\/\/pcf08.com\/index.php\/wp-json\/wp\/v2\/users\/4"}],"replies":[{"embeddable":true,"href":"https:\/\/pcf08.com\/index.php\/wp-json\/wp\/v2\/comments?post=3311"}],"version-history":[{"count":1,"href":"https:\/\/pcf08.com\/index.php\/wp-json\/wp\/v2\/posts\/3311\/revisions"}],"predecessor-version":[{"id":3313,"href":"https:\/\/pcf08.com\/index.php\/wp-json\/wp\/v2\/posts\/3311\/revisions\/3313"}],"wp:attachment":[{"href":"https:\/\/pcf08.com\/index.php\/wp-json\/wp\/v2\/media?parent=3311"}],"wp:term":[{"taxonomy":"category","embeddable":true,"href":"https:\/\/pcf08.com\/index.php\/wp-json\/wp\/v2\/categories?post=3311"},{"taxonomy":"post_tag","embeddable":true,"href":"https:\/\/pcf08.com\/index.php\/wp-json\/wp\/v2\/tags?post=3311"}],"curies":[{"name":"wp","href":"https:\/\/api.w.org\/{rel}","templated":true}]}}