{"id":3306,"date":"2025-04-17T12:41:46","date_gmt":"2025-04-17T10:41:46","guid":{"rendered":"https:\/\/pcf08.com\/?p=3306"},"modified":"2025-04-17T12:41:46","modified_gmt":"2025-04-17T10:41:46","slug":"stop-a-lausterite","status":"publish","type":"post","link":"https:\/\/pcf08.com\/index.php\/2025\/04\/17\/stop-a-lausterite\/","title":{"rendered":"STOP \u00c0 L\u2019AUST\u00c9RIT\u00c9"},"content":{"rendered":"<p align=\"left\"><img loading=\"lazy\" decoding=\"async\" class=\"size-medium wp-image-3307 alignleft\" src=\"https:\/\/pcf08.com\/wp-content\/uploads\/2025\/04\/Fabien_Roussel_2022-300x254.jpg\" alt=\"\" width=\"300\" height=\"254\" srcset=\"https:\/\/pcf08.com\/wp-content\/uploads\/2025\/04\/Fabien_Roussel_2022-300x254.jpg 300w, https:\/\/pcf08.com\/wp-content\/uploads\/2025\/04\/Fabien_Roussel_2022-1024x865.jpg 1024w, https:\/\/pcf08.com\/wp-content\/uploads\/2025\/04\/Fabien_Roussel_2022-768x649.jpg 768w, https:\/\/pcf08.com\/wp-content\/uploads\/2025\/04\/Fabien_Roussel_2022-1536x1298.jpg 1536w, https:\/\/pcf08.com\/wp-content\/uploads\/2025\/04\/Fabien_Roussel_2022-2048x1731.jpg 2048w\" sizes=\"(max-width: 300px) 100vw, 300px\" \/>Lors <span style=\"font-family: Calibri, sans-serif; font-size: medium;\">de son dernier discours le Premier ministre a continu\u00e9 \u00e0 se servir de la dette publique qui repr\u00e9senterait \u00ab une menace pour la survie de notre pays \u00bb pour faire peur aux fran\u00e7ais.<\/span><\/p>\n<p align=\"left\"><span style=\"font-family: Calibri, sans-serif;\"><span style=\"font-size: medium;\">La seule solution propos\u00e9e est de nouvelles coupes dans les d\u00e9penses publiques.<\/span><\/span><\/p>\n<p align=\"left\"><span style=\"font-family: Calibri, sans-serif;\"><span style=\"font-size: medium;\">Comme le dit Fabien Roussel dans sa d\u00e9claration du 16 avril dernier\u00a0:<\/span><\/span><\/p>\n<p align=\"left\"><span style=\"font-family: Calibri, sans-serif;\"><span style=\"font-size: medium;\">\u00ab\u00a0la France n\u2019a pas besoin d\u2019aust\u00e9rit\u00e9 mais de vitamines c\u2019est \u00e0 dire d\u2019investissements massifs dans l\u2019industrie, les services publics et la transition \u00e9cologique.<\/span><\/span><\/p>\n<p align=\"left\"><span style=\"font-family: Calibri, sans-serif;\"><span style=\"font-size: medium;\">Le PCF appelle \u00e0 rompre avec la logique mortif\u00e8re de l\u2019aust\u00e9rit\u00e9, en mobilisant l\u2019argent du p\u00f4le public reposant sur la BPI (banque publique d\u2019investissement) et la Caisse de d\u00e9p\u00f4ts et de consignations, le r\u00e9tablissement de l\u2019ISF et une taxation plus juste des dividendes et du capital.<\/span><\/span><\/p>\n<p align=\"left\"><span style=\"font-family: Calibri, sans-serif;\"><span style=\"font-size: medium;\">C\u2019est en b\u00e2tissant que nous produirons des richesses. C\u2019est par l\u2019emploi et une croissance centr\u00e9e sur la r\u00e9ponse aux besoins humains et aux exigences \u00e9cologiques que nous r\u00e9duirons le d\u00e9ficit, pas par l\u2019\u00e9touffement du pays\u00a0\u00bb. <\/span><\/span><\/p>\n","protected":false},"excerpt":{"rendered":"<p>Lors de son dernier discours le Premier ministre a continu\u00e9 \u00e0 se servir de la dette publique qui repr\u00e9senterait \u00ab une menace pour la survie de notre pays \u00bb pour faire peur aux fran\u00e7ais. La seule solution propos\u00e9e est de nouvelles coupes dans les d\u00e9penses publiques. Comme le dit Fabien Roussel dans sa d\u00e9claration du [&hellip;]<\/p>\n","protected":false},"author":4,"featured_media":0,"comment_status":"closed","ping_status":"open","sticky":false,"template":"","format":"standard","meta":{"saved_in_kubio":false,"footnotes":""},"categories":[1],"tags":[],"class_list":["post-3306","post","type-post","status-publish","format-standard","hentry","category-non-classe"],"_links":{"self":[{"href":"https:\/\/pcf08.com\/index.php\/wp-json\/wp\/v2\/posts\/3306","targetHints":{"allow":["GET"]}}],"collection":[{"href":"https:\/\/pcf08.com\/index.php\/wp-json\/wp\/v2\/posts"}],"about":[{"href":"https:\/\/pcf08.com\/index.php\/wp-json\/wp\/v2\/types\/post"}],"author":[{"embeddable":true,"href":"https:\/\/pcf08.com\/index.php\/wp-json\/wp\/v2\/users\/4"}],"replies":[{"embeddable":true,"href":"https:\/\/pcf08.com\/index.php\/wp-json\/wp\/v2\/comments?post=3306"}],"version-history":[{"count":1,"href":"https:\/\/pcf08.com\/index.php\/wp-json\/wp\/v2\/posts\/3306\/revisions"}],"predecessor-version":[{"id":3308,"href":"https:\/\/pcf08.com\/index.php\/wp-json\/wp\/v2\/posts\/3306\/revisions\/3308"}],"wp:attachment":[{"href":"https:\/\/pcf08.com\/index.php\/wp-json\/wp\/v2\/media?parent=3306"}],"wp:term":[{"taxonomy":"category","embeddable":true,"href":"https:\/\/pcf08.com\/index.php\/wp-json\/wp\/v2\/categories?post=3306"},{"taxonomy":"post_tag","embeddable":true,"href":"https:\/\/pcf08.com\/index.php\/wp-json\/wp\/v2\/tags?post=3306"}],"curies":[{"name":"wp","href":"https:\/\/api.w.org\/{rel}","templated":true}]}}