{"id":330,"date":"2020-06-14T18:36:41","date_gmt":"2020-06-14T16:36:41","guid":{"rendered":"http:\/\/pcf08.com\/?p=330"},"modified":"2020-06-14T18:36:41","modified_gmt":"2020-06-14T16:36:41","slug":"fete-des-meres-des-seniors-prives-de-leurs-familles","status":"publish","type":"post","link":"https:\/\/pcf08.com\/index.php\/2020\/06\/14\/fete-des-meres-des-seniors-prives-de-leurs-familles\/","title":{"rendered":"F\u00eate des m\u00e8res, des s\u00e9niors priv\u00e9s de leurs familles"},"content":{"rendered":"<p class=\"western\" align=\"justify\"><span style=\"font-family: Arial Narrow, sans-serif;\">L\u2019Agence r\u00e9gionale de sant\u00e9 (l\u2019ARS) a priv\u00e9, le jour de la f\u00eate des M\u00e8res, les r\u00e9sidents et leurs familles des visites en chambre dans certaines maisons de retraite.\u00a0 Malgr\u00e9 l&rsquo;assouplissement des mesures gouvernementales d\u00e9cid\u00e9es \u00e0 partir du 5 juin, les visites en chambre ont \u00e9t\u00e9 refus\u00e9es par le Directeur territorial de l&rsquo;ARS dans certaines structures. Pourtant, le protocole relatif aux consignes applicables sur le confinement dans ces \u00e9tablissements pr\u00e9cise que \u00ab\u00a0les directives ou directeurs d\u00e9cident\u00a0 des mesures applicables localement&#8230;\u00a0\u00bb Incompr\u00e9hension, d\u00e9sarroi, tristesse, frustration et col\u00e8re sont les sentiments m\u00eal\u00e9s ressentis par les familles qui ont \u00e9t\u00e9 priv\u00e9es d&rsquo;un moment d&rsquo;intimit\u00e9 \u00e0 l&rsquo;occasion de ce jour hautement symbolique. Exc\u00e8s de z\u00e8le, abus de pouvoir ?<\/span><\/p>\n<p class=\"western\" align=\"justify\"><span style=\"font-family: Arial Narrow, sans-serif;\"> Il faudra bien que le Directeur territorial s&rsquo;explique car au niveau r\u00e9gional ces visites ont \u00e9t\u00e9 autoris\u00e9es dans certains \u00e9tablissements et pas d\u2019autres. Depuis d\u00e9but mars, le confinement a \u00e9t\u00e9 respect\u00e9, aucun cas de Covid dans l&rsquo;EHPAD g\u00e9r\u00e9 par la ville de Charleville-M\u00e9zi\u00e8res. Dans cette p\u00e9riode si particuli\u00e8re, nous aurions pu attendre des d\u00e9cideurs un peu de discernement dans l&rsquo;\u00e9valuation du b\u00e9n\u00e9fice\/risque qui s&rsquo;imposait car \u00e0 force de vouloir prot\u00e9ger \u00e0 tout prix, la r\u00e9ponse apport\u00e9e risque d&rsquo;avoir des effets d\u00e9l\u00e9t\u00e8res sur nos anciens.<\/span><\/p>\n<p class=\"western\" align=\"justify\"><span style=\"font-family: Arial Narrow, sans-serif;\"> Nous tenons n\u00e9anmoins \u00e0 saluer l&rsquo;engagement sans faille des personnels de la structure qui ont organis\u00e9 rapidement des appels t\u00e9l\u00e9phoniques, visio et plus r\u00e9cemment des visites ext\u00e9rieures et ce, malgr\u00e9 leurs conditions de travail difficiles.<\/span><\/p>\n<p class=\"western\" align=\"justify\"><span style=\"font-family: Arial Narrow, sans-serif;\">Mais les personnels ne pourront jamais remplacer les familles et ce n&rsquo;est d&rsquo;ailleurs pas leur r\u00f4le.<\/span><\/p>\n<p class=\"western\" align=\"justify\"><span style=\"font-family: Arial Narrow, sans-serif;\"> Pour la f\u00eate des m\u00e8res, il faudra patienter jusqu&rsquo;en&#8230; 2021 : une attente qui sera forc\u00e9ment longue, tr\u00e8s longue et malheureusement s\u00fbrement trop longue pour certaines mamans. Le 21 juin, c&rsquo;est la f\u00eate des p\u00e8res, sera t-elle de nouveau \u00e0 la sauce ARS?&#8230;<\/span><\/p>\n","protected":false},"excerpt":{"rendered":"<p>L\u2019Agence r\u00e9gionale de sant\u00e9 (l\u2019ARS) a priv\u00e9, le jour de la f\u00eate des M\u00e8res, les r\u00e9sidents et leurs familles des visites en chambre dans certaines maisons de retraite.\u00a0 Malgr\u00e9 l&rsquo;assouplissement des mesures gouvernementales d\u00e9cid\u00e9es \u00e0 partir du 5 juin, les visites en chambre ont \u00e9t\u00e9 refus\u00e9es par le Directeur territorial de l&rsquo;ARS dans certaines structures. [&hellip;]<\/p>\n","protected":false},"author":2,"featured_media":0,"comment_status":"closed","ping_status":"open","sticky":false,"template":"","format":"standard","meta":{"saved_in_kubio":false,"footnotes":""},"categories":[1],"tags":[],"class_list":["post-330","post","type-post","status-publish","format-standard","hentry","category-non-classe"],"_links":{"self":[{"href":"https:\/\/pcf08.com\/index.php\/wp-json\/wp\/v2\/posts\/330","targetHints":{"allow":["GET"]}}],"collection":[{"href":"https:\/\/pcf08.com\/index.php\/wp-json\/wp\/v2\/posts"}],"about":[{"href":"https:\/\/pcf08.com\/index.php\/wp-json\/wp\/v2\/types\/post"}],"author":[{"embeddable":true,"href":"https:\/\/pcf08.com\/index.php\/wp-json\/wp\/v2\/users\/2"}],"replies":[{"embeddable":true,"href":"https:\/\/pcf08.com\/index.php\/wp-json\/wp\/v2\/comments?post=330"}],"version-history":[{"count":1,"href":"https:\/\/pcf08.com\/index.php\/wp-json\/wp\/v2\/posts\/330\/revisions"}],"predecessor-version":[{"id":331,"href":"https:\/\/pcf08.com\/index.php\/wp-json\/wp\/v2\/posts\/330\/revisions\/331"}],"wp:attachment":[{"href":"https:\/\/pcf08.com\/index.php\/wp-json\/wp\/v2\/media?parent=330"}],"wp:term":[{"taxonomy":"category","embeddable":true,"href":"https:\/\/pcf08.com\/index.php\/wp-json\/wp\/v2\/categories?post=330"},{"taxonomy":"post_tag","embeddable":true,"href":"https:\/\/pcf08.com\/index.php\/wp-json\/wp\/v2\/tags?post=330"}],"curies":[{"name":"wp","href":"https:\/\/api.w.org\/{rel}","templated":true}]}}