{"id":3281,"date":"2025-04-03T11:37:20","date_gmt":"2025-04-03T09:37:20","guid":{"rendered":"https:\/\/pcf08.com\/?p=3281"},"modified":"2025-04-03T11:37:20","modified_gmt":"2025-04-03T09:37:20","slug":"fete-de-lhumanite-3","status":"publish","type":"post","link":"https:\/\/pcf08.com\/index.php\/2025\/04\/03\/fete-de-lhumanite-3\/","title":{"rendered":"F\u00eate de l\u2019Humanit\u00e9"},"content":{"rendered":"<p align=\"justify\"><span style=\"font-family: Calibri, sans-serif;\"><img loading=\"lazy\" decoding=\"async\" class=\"size-medium wp-image-3282 alignleft\" src=\"https:\/\/pcf08.com\/wp-content\/uploads\/2025\/04\/fete-211x300.jpg\" alt=\"\" width=\"211\" height=\"300\" srcset=\"https:\/\/pcf08.com\/wp-content\/uploads\/2025\/04\/fete-211x300.jpg 211w, https:\/\/pcf08.com\/wp-content\/uploads\/2025\/04\/fete-721x1024.jpg 721w, https:\/\/pcf08.com\/wp-content\/uploads\/2025\/04\/fete-768x1091.jpg 768w, https:\/\/pcf08.com\/wp-content\/uploads\/2025\/04\/fete.jpg 845w\" sizes=\"(max-width: 211px) 100vw, 211px\" \/>Retenez ces dates 12, 13, 14 septembre, la plus grande f\u00eate populaire nationale vous attend\u00a0!<\/span><\/p>\n<p align=\"justify\"><span style=\"font-family: Calibri, sans-serif;\">L\u2019organisation d\u2019un car le samedi ayant \u00e9t\u00e9 une r\u00e9ussite en 2024, l\u2019op\u00e9ration sera renouvel\u00e9e cette ann\u00e9e.<\/span><\/p>\n<p align=\"justify\"><span style=\"font-family: Calibri, sans-serif;\">Le d\u00e9part se fera de Charleville, comme l\u2019an pass\u00e9. Tous les d\u00e9tails vous seront fournis en temps utile, soyez attentifs \u00e0 notre NDA hebdomadaire.<\/span><\/p>\n<p align=\"right\"><span style=\"font-family: Calibri, sans-serif;\">Patrick LATTUADA<\/span><\/p>\n","protected":false},"excerpt":{"rendered":"<p>Retenez ces dates 12, 13, 14 septembre, la plus grande f\u00eate populaire nationale vous attend\u00a0! L\u2019organisation d\u2019un car le samedi ayant \u00e9t\u00e9 une r\u00e9ussite en 2024, l\u2019op\u00e9ration sera renouvel\u00e9e cette ann\u00e9e. Le d\u00e9part se fera de Charleville, comme l\u2019an pass\u00e9. Tous les d\u00e9tails vous seront fournis en temps utile, soyez attentifs \u00e0 notre NDA hebdomadaire. [&hellip;]<\/p>\n","protected":false},"author":4,"featured_media":0,"comment_status":"closed","ping_status":"open","sticky":false,"template":"","format":"standard","meta":{"saved_in_kubio":false,"footnotes":""},"categories":[1],"tags":[],"class_list":["post-3281","post","type-post","status-publish","format-standard","hentry","category-non-classe"],"_links":{"self":[{"href":"https:\/\/pcf08.com\/index.php\/wp-json\/wp\/v2\/posts\/3281","targetHints":{"allow":["GET"]}}],"collection":[{"href":"https:\/\/pcf08.com\/index.php\/wp-json\/wp\/v2\/posts"}],"about":[{"href":"https:\/\/pcf08.com\/index.php\/wp-json\/wp\/v2\/types\/post"}],"author":[{"embeddable":true,"href":"https:\/\/pcf08.com\/index.php\/wp-json\/wp\/v2\/users\/4"}],"replies":[{"embeddable":true,"href":"https:\/\/pcf08.com\/index.php\/wp-json\/wp\/v2\/comments?post=3281"}],"version-history":[{"count":1,"href":"https:\/\/pcf08.com\/index.php\/wp-json\/wp\/v2\/posts\/3281\/revisions"}],"predecessor-version":[{"id":3283,"href":"https:\/\/pcf08.com\/index.php\/wp-json\/wp\/v2\/posts\/3281\/revisions\/3283"}],"wp:attachment":[{"href":"https:\/\/pcf08.com\/index.php\/wp-json\/wp\/v2\/media?parent=3281"}],"wp:term":[{"taxonomy":"category","embeddable":true,"href":"https:\/\/pcf08.com\/index.php\/wp-json\/wp\/v2\/categories?post=3281"},{"taxonomy":"post_tag","embeddable":true,"href":"https:\/\/pcf08.com\/index.php\/wp-json\/wp\/v2\/tags?post=3281"}],"curies":[{"name":"wp","href":"https:\/\/api.w.org\/{rel}","templated":true}]}}