{"id":3267,"date":"2025-03-27T10:55:58","date_gmt":"2025-03-27T09:55:58","guid":{"rendered":"https:\/\/pcf08.com\/?p=3267"},"modified":"2025-03-27T10:55:58","modified_gmt":"2025-03-27T09:55:58","slug":"contre-le-racisme-la-xenophobie-et-lantisemitisme","status":"publish","type":"post","link":"https:\/\/pcf08.com\/index.php\/2025\/03\/27\/contre-le-racisme-la-xenophobie-et-lantisemitisme\/","title":{"rendered":"Contre le racisme, la x\u00e9nophobie et l\u2019antis\u00e9mitisme"},"content":{"rendered":"<p align=\"justify\"><span style=\"font-family: Times New Roman, serif;\"><span style=\"font-size: medium;\"><span style=\"font-family: Calibri, sans-serif;\"><span style=\"color: #000000;\"><img loading=\"lazy\" decoding=\"async\" class=\"size-medium wp-image-3268 alignleft\" src=\"https:\/\/pcf08.com\/wp-content\/uploads\/2025\/03\/antiracisme-300x225.jpg\" alt=\"\" width=\"300\" height=\"225\" srcset=\"https:\/\/pcf08.com\/wp-content\/uploads\/2025\/03\/antiracisme-300x225.jpg 300w, https:\/\/pcf08.com\/wp-content\/uploads\/2025\/03\/antiracisme-1024x768.jpg 1024w, https:\/\/pcf08.com\/wp-content\/uploads\/2025\/03\/antiracisme-768x576.jpg 768w, https:\/\/pcf08.com\/wp-content\/uploads\/2025\/03\/antiracisme-1536x1152.jpg 1536w, https:\/\/pcf08.com\/wp-content\/uploads\/2025\/03\/antiracisme.jpg 2048w\" sizes=\"(max-width: 300px) 100vw, 300px\" \/><\/span><\/span><\/span><\/span><\/p>\n<p align=\"justify\">\n<p align=\"justify\">\n<p align=\"justify\"><span style=\"font-family: Times New Roman, serif;\"><span style=\"font-size: medium;\"><span style=\"font-family: Calibri, sans-serif;\"><span style=\"color: #000000;\">Les communistes \u00e9taient pr\u00e9sents \u00e0 la manifestation du 22 mars contre la x\u00e9nophobie, le racisme et l&rsquo;antis\u00e9mitisme aux c\u00f4t\u00e9s des syndicats, associations et de la Ligue des droits de l&rsquo;Homme.<\/span><\/span><\/span><\/span><\/p>\n","protected":false},"excerpt":{"rendered":"<p>Les communistes \u00e9taient pr\u00e9sents \u00e0 la manifestation du 22 mars contre la x\u00e9nophobie, le racisme et l&rsquo;antis\u00e9mitisme aux c\u00f4t\u00e9s des syndicats, associations et de la Ligue des droits de l&rsquo;Homme.<\/p>\n","protected":false},"author":4,"featured_media":0,"comment_status":"closed","ping_status":"open","sticky":false,"template":"","format":"standard","meta":{"saved_in_kubio":false,"footnotes":""},"categories":[1],"tags":[],"class_list":["post-3267","post","type-post","status-publish","format-standard","hentry","category-non-classe"],"_links":{"self":[{"href":"https:\/\/pcf08.com\/index.php\/wp-json\/wp\/v2\/posts\/3267","targetHints":{"allow":["GET"]}}],"collection":[{"href":"https:\/\/pcf08.com\/index.php\/wp-json\/wp\/v2\/posts"}],"about":[{"href":"https:\/\/pcf08.com\/index.php\/wp-json\/wp\/v2\/types\/post"}],"author":[{"embeddable":true,"href":"https:\/\/pcf08.com\/index.php\/wp-json\/wp\/v2\/users\/4"}],"replies":[{"embeddable":true,"href":"https:\/\/pcf08.com\/index.php\/wp-json\/wp\/v2\/comments?post=3267"}],"version-history":[{"count":1,"href":"https:\/\/pcf08.com\/index.php\/wp-json\/wp\/v2\/posts\/3267\/revisions"}],"predecessor-version":[{"id":3269,"href":"https:\/\/pcf08.com\/index.php\/wp-json\/wp\/v2\/posts\/3267\/revisions\/3269"}],"wp:attachment":[{"href":"https:\/\/pcf08.com\/index.php\/wp-json\/wp\/v2\/media?parent=3267"}],"wp:term":[{"taxonomy":"category","embeddable":true,"href":"https:\/\/pcf08.com\/index.php\/wp-json\/wp\/v2\/categories?post=3267"},{"taxonomy":"post_tag","embeddable":true,"href":"https:\/\/pcf08.com\/index.php\/wp-json\/wp\/v2\/tags?post=3267"}],"curies":[{"name":"wp","href":"https:\/\/api.w.org\/{rel}","templated":true}]}}