{"id":3264,"date":"2025-03-27T10:54:48","date_gmt":"2025-03-27T09:54:48","guid":{"rendered":"https:\/\/pcf08.com\/?p=3264"},"modified":"2025-03-27T10:54:48","modified_gmt":"2025-03-27T09:54:48","slug":"foot-le-cssa-aux-prudhommes","status":"publish","type":"post","link":"https:\/\/pcf08.com\/index.php\/2025\/03\/27\/foot-le-cssa-aux-prudhommes\/","title":{"rendered":"Foot, le CSSA aux Prud\u2019hommes !"},"content":{"rendered":"<p align=\"justify\"><span style=\"font-family: Times New Roman, serif;\"><span style=\"font-size: medium;\"><span style=\"font-family: Calibri, sans-serif;\"><span style=\"color: #000000;\"><img loading=\"lazy\" decoding=\"async\" class=\"size-full wp-image-3265 alignleft\" src=\"https:\/\/pcf08.com\/wp-content\/uploads\/2025\/03\/cssa.jpg\" alt=\"\" width=\"122\" height=\"124\" \/>Le foot suscite toujours la ferveur des supporters. Ainsi, apr\u00e8s sa mauvaise passe, notamment financi\u00e8re, le CSSA (Club Sportif Sedan Ardennes ) e<\/span><\/span><span style=\"font-family: Calibri, sans-serif;\">s<\/span><span style=\"font-family: Calibri, sans-serif;\">t toujours confront\u00e9 aux al\u00e9as de la mauvaise gestion de l\u2019ancien pr\u00e9sident. Avec cette situation, \u00e0 l\u2019\u00e9poque en 2023, a \u00e9t\u00e9 ent\u00e9rin\u00e9<\/span><span style=\"font-family: Calibri, sans-serif;\">e<\/span><span style=\"font-family: Calibri, sans-serif;\"> une rel\u00e9gation du club Sedanais en r\u00e9gionale 3. Le d\u00e9bat a \u00e9t\u00e9 men\u00e9 au niveau d\u2019Ardenne M\u00e9tropole afin d\u2019envisager la situation du CSSA. Mais apr\u00e8s sa rel\u00e9gation l\u2019\u00e9quipe sedanaise peine \u00e0 remonter.<\/span><\/span><\/span><\/p>\n<p align=\"justify\"><span style=\"font-family: Times New Roman, serif;\"><span style=\"font-size: medium;\"><span style=\"font-family: Calibri, sans-serif;\"><span style=\"color: #000000;\">Apr\u00e8s plusieurs propositions de fusion avec d\u2019autres clubs, les dirigeants du CSSA ont voulu continuer \u00e0 exister seuls. Alors que le club de l\u2019Olympique de Charleville et celui de Prix les M\u00e9zi\u00e8res ont d\u00e9cid\u00e9 de vivre l\u2019aventure footballistique en duo, les dirigeants du club Sedan ont refus\u00e9 ce qui aurait pu devenir une \u00e9quipe d\u00e9partementale. Une des cons\u00e9quences, l\u2019agglom\u00e9ration Ardenne M\u00e9tropole a de son cot\u00e9 repris \u00e0 sa charge l\u2019entretien du stade Dugauguez de Sedan.<\/span><\/span><\/span><\/span><\/p>\n<p align=\"justify\"><span style=\"font-family: Times New Roman, serif;\"><span style=\"font-size: medium;\"><span style=\"font-family: Calibri, sans-serif;\"><span style=\"color: #000000;\">Cette situation a des r\u00e9percussions sur le niveau du foot Ardennais et son personnel. Deux anciens entra\u00eeneurs du CSSA qui ont \u00e9t\u00e9 licenci\u00e9s ont saisi le Conseil des Prud\u2019hommes pour demander r\u00e9paration dans la fa\u00e7on dont ils ont \u00e9t\u00e9 licenci\u00e9s. Il ne faudrait pas que la monopolisation du soutien pour le CSSA o<\/span><\/span><span style=\"font-family: Calibri, sans-serif;\">\u00f9<\/span><span style=\"font-family: Calibri, sans-serif;\"> l\u2019argent domine se fasse au d\u00e9triment des autres \u00e9quipes et des autres sports. <\/span><\/span><\/span><\/p>\n<p align=\"right\"><span style=\"font-family: Times New Roman, serif;\"><span style=\"font-size: medium;\"><span style=\"font-family: Calibri, sans-serif;\"><span style=\"color: #000000;\"> Sylvain DALLA ROSA<\/span><\/span><\/span><\/span><\/p>\n","protected":false},"excerpt":{"rendered":"<p>Le foot suscite toujours la ferveur des supporters. Ainsi, apr\u00e8s sa mauvaise passe, notamment financi\u00e8re, le CSSA (Club Sportif Sedan Ardennes ) est toujours confront\u00e9 aux al\u00e9as de la mauvaise gestion de l\u2019ancien pr\u00e9sident. Avec cette situation, \u00e0 l\u2019\u00e9poque en 2023, a \u00e9t\u00e9 ent\u00e9rin\u00e9e une rel\u00e9gation du club Sedanais en r\u00e9gionale 3. Le d\u00e9bat a [&hellip;]<\/p>\n","protected":false},"author":4,"featured_media":0,"comment_status":"closed","ping_status":"open","sticky":false,"template":"","format":"standard","meta":{"saved_in_kubio":false,"footnotes":""},"categories":[1],"tags":[],"class_list":["post-3264","post","type-post","status-publish","format-standard","hentry","category-non-classe"],"_links":{"self":[{"href":"https:\/\/pcf08.com\/index.php\/wp-json\/wp\/v2\/posts\/3264","targetHints":{"allow":["GET"]}}],"collection":[{"href":"https:\/\/pcf08.com\/index.php\/wp-json\/wp\/v2\/posts"}],"about":[{"href":"https:\/\/pcf08.com\/index.php\/wp-json\/wp\/v2\/types\/post"}],"author":[{"embeddable":true,"href":"https:\/\/pcf08.com\/index.php\/wp-json\/wp\/v2\/users\/4"}],"replies":[{"embeddable":true,"href":"https:\/\/pcf08.com\/index.php\/wp-json\/wp\/v2\/comments?post=3264"}],"version-history":[{"count":1,"href":"https:\/\/pcf08.com\/index.php\/wp-json\/wp\/v2\/posts\/3264\/revisions"}],"predecessor-version":[{"id":3266,"href":"https:\/\/pcf08.com\/index.php\/wp-json\/wp\/v2\/posts\/3264\/revisions\/3266"}],"wp:attachment":[{"href":"https:\/\/pcf08.com\/index.php\/wp-json\/wp\/v2\/media?parent=3264"}],"wp:term":[{"taxonomy":"category","embeddable":true,"href":"https:\/\/pcf08.com\/index.php\/wp-json\/wp\/v2\/categories?post=3264"},{"taxonomy":"post_tag","embeddable":true,"href":"https:\/\/pcf08.com\/index.php\/wp-json\/wp\/v2\/tags?post=3264"}],"curies":[{"name":"wp","href":"https:\/\/api.w.org\/{rel}","templated":true}]}}