{"id":3261,"date":"2025-03-27T10:52:47","date_gmt":"2025-03-27T09:52:47","guid":{"rendered":"https:\/\/pcf08.com\/?p=3261"},"modified":"2025-03-27T10:52:47","modified_gmt":"2025-03-27T09:52:47","slug":"pluralisme-de-lardennais","status":"publish","type":"post","link":"https:\/\/pcf08.com\/index.php\/2025\/03\/27\/pluralisme-de-lardennais\/","title":{"rendered":"Pluralisme de l\u2019Ardennais ?"},"content":{"rendered":"<p align=\"justify\"><span style=\"font-family: Times New Roman, serif;\"><span style=\"font-size: medium;\"><span style=\"font-family: Calibri, sans-serif;\"><span style=\"color: #000000;\"><img loading=\"lazy\" decoding=\"async\" class=\"size-full wp-image-3262 alignleft\" src=\"https:\/\/pcf08.com\/wp-content\/uploads\/2025\/03\/ardennais-1.jpg\" alt=\"\" width=\"144\" height=\"144\" \/>Nous sommes \u00e0 un an des prochaines \u00e9lections municipales. Pour chaque candidat.e potentiel<\/span><\/span><span style=\"font-family: Calibri, sans-serif;\">.le <\/span><span style=\"font-family: Calibri, sans-serif;\">la r\u00e9flexion est engag\u00e9e afin de r\u00e9pondre au mieux aux <\/span><span style=\"font-family: Calibri, sans-serif;\">pr\u00e9occupations<\/span><span style=\"font-family: Calibri, sans-serif;\"> des habitants. <\/span><span style=\"font-family: Calibri, sans-serif;\">C<\/span><span style=\"font-family: Calibri, sans-serif;\">\u2019est \u00e9galement l\u2019occasion de faire le bilan du mandat qui <\/span><span style=\"font-family: Calibri, sans-serif;\">s\u2019ach\u00e8ve.<\/span><span style=\"font-family: Calibri, sans-serif;\"> Cela <\/span><span style=\"font-family: Calibri, sans-serif;\">n\u2019\u00e9tonnera<\/span><span style=\"font-family: Calibri, sans-serif;\"> personne que le PCF ne partage pas les orientations de la droite majoritaire \u00e0 Charleville-M\u00e9zi\u00e8res <\/span><span style=\"font-family: Calibri, sans-serif;\">qui se traduit notamment par<\/span><span style=\"font-family: Calibri, sans-serif;\"> la casse du service public. <\/span><\/span><\/span><\/p>\n<p align=\"justify\"><span style=\"font-family: Times New Roman, serif;\"><span style=\"font-size: medium;\"><span style=\"font-family: Calibri, sans-serif;\"><span style=\"color: #000000;\">Objectivement on ne peut pas dire que pendant les cinq ann\u00e9es \u00e9coul\u00e9es le journal <\/span><\/span><span style=\"font-family: Calibri, sans-serif;\">l\u2019Ardennais<\/span><span style=\"font-family: Calibri, sans-serif;\"> (appartenant au groupe <\/span><span style=\"font-family: Calibri, sans-serif;\">Belge<\/span><span style=\"font-family: Calibri, sans-serif;\"> Rossel) a <\/span><span style=\"font-family: Calibri, sans-serif;\">respect\u00e9<\/span><span style=\"font-family: Calibri, sans-serif;\"> le <\/span><span style=\"font-family: Calibri, sans-serif;\">pluralisme<\/span><span style=\"font-family: Calibri, sans-serif;\"> et r\u00e9percut\u00e9 les diff\u00e9rentes positions de l\u2019opposition. On ne compte plus les diff\u00e9rents articles complaisants de la gestion de <\/span><span style=\"font-family: Calibri, sans-serif;\">Charleville-M\u00e9zi\u00e8res.<\/span><span style=\"font-family: Calibri, sans-serif;\"> Les prises de positions des \u00e9lus de <\/span><span style=\"font-family: Calibri, sans-serif;\">l\u2019opposition de<\/span><span style=\"font-family: Calibri, sans-serif;\"> gauche <\/span><span style=\"font-family: Calibri, sans-serif;\">sont<\/span> <span style=\"font-family: Calibri, sans-serif;\">syst\u00e9matiquement<\/span> <span style=\"font-family: Calibri, sans-serif;\">ignor\u00e9es.<\/span> <\/span><\/span><\/p>\n<p align=\"justify\"><span style=\"font-family: Times New Roman, serif;\"><span style=\"font-size: medium;\"><span style=\"font-family: Calibri, sans-serif;\"><span style=\"color: #000000;\">La r\u00e9daction du journal doit \u00eatre consciente de ce qui peut \u00eatre consid\u00e9r\u00e9e <\/span><\/span><span style=\"font-family: Calibri, sans-serif;\">comme<\/span><span style=\"font-family: Calibri, sans-serif;\"> une censure. Ainsi dans l\u2019\u00e9dition du 15 mars dernier la r\u00e9daction prend 5 engagements afin de respecter le pluralisme dans les candidatures. On veillera au respect de cet engagement. Sauf que dans le texte diffus\u00e9 pour une charte \u00e9ditoriale rien n\u2019est <\/span><span style=\"font-family: Calibri, sans-serif;\">pr\u00e9cis\u00e9<\/span><span style=\"font-family: Calibri, sans-serif;\"> pour la date de mise en service de ce <\/span><span style=\"font-family: Calibri, sans-serif;\">fonctionnement.<\/span> <span style=\"font-family: Calibri, sans-serif;\">Esp\u00e9rons qu<\/span><span style=\"font-family: Calibri, sans-serif;\">e<\/span><span style=\"font-family: Calibri, sans-serif;\"> cet engagement sera <\/span><span style=\"font-family: Calibri, sans-serif;\">mis<\/span><span style=\"font-family: Calibri, sans-serif;\"> en \u0153uvre a<\/span><span style=\"font-family: Calibri, sans-serif;\">vant la fin de la campagne \u00e9lectorale\u2026\u2026..<\/span><\/span><\/span><\/p>\n<p align=\"right\"><span style=\"color: #000000;\"> <span style=\"font-family: Times New Roman, serif;\"><span style=\"font-size: medium;\"><span style=\"font-family: Calibri, sans-serif;\">Sylvain DALLA ROSA<\/span><\/span><\/span><\/span><\/p>\n","protected":false},"excerpt":{"rendered":"<p>Nous sommes \u00e0 un an des prochaines \u00e9lections municipales. Pour chaque candidat.e potentiel.le la r\u00e9flexion est engag\u00e9e afin de r\u00e9pondre au mieux aux pr\u00e9occupations des habitants. C\u2019est \u00e9galement l\u2019occasion de faire le bilan du mandat qui s\u2019ach\u00e8ve. Cela n\u2019\u00e9tonnera personne que le PCF ne partage pas les orientations de la droite majoritaire \u00e0 Charleville-M\u00e9zi\u00e8res qui [&hellip;]<\/p>\n","protected":false},"author":4,"featured_media":0,"comment_status":"closed","ping_status":"open","sticky":false,"template":"","format":"standard","meta":{"saved_in_kubio":false,"footnotes":""},"categories":[1],"tags":[],"class_list":["post-3261","post","type-post","status-publish","format-standard","hentry","category-non-classe"],"_links":{"self":[{"href":"https:\/\/pcf08.com\/index.php\/wp-json\/wp\/v2\/posts\/3261","targetHints":{"allow":["GET"]}}],"collection":[{"href":"https:\/\/pcf08.com\/index.php\/wp-json\/wp\/v2\/posts"}],"about":[{"href":"https:\/\/pcf08.com\/index.php\/wp-json\/wp\/v2\/types\/post"}],"author":[{"embeddable":true,"href":"https:\/\/pcf08.com\/index.php\/wp-json\/wp\/v2\/users\/4"}],"replies":[{"embeddable":true,"href":"https:\/\/pcf08.com\/index.php\/wp-json\/wp\/v2\/comments?post=3261"}],"version-history":[{"count":1,"href":"https:\/\/pcf08.com\/index.php\/wp-json\/wp\/v2\/posts\/3261\/revisions"}],"predecessor-version":[{"id":3263,"href":"https:\/\/pcf08.com\/index.php\/wp-json\/wp\/v2\/posts\/3261\/revisions\/3263"}],"wp:attachment":[{"href":"https:\/\/pcf08.com\/index.php\/wp-json\/wp\/v2\/media?parent=3261"}],"wp:term":[{"taxonomy":"category","embeddable":true,"href":"https:\/\/pcf08.com\/index.php\/wp-json\/wp\/v2\/categories?post=3261"},{"taxonomy":"post_tag","embeddable":true,"href":"https:\/\/pcf08.com\/index.php\/wp-json\/wp\/v2\/tags?post=3261"}],"curies":[{"name":"wp","href":"https:\/\/api.w.org\/{rel}","templated":true}]}}