{"id":3257,"date":"2025-03-27T10:50:33","date_gmt":"2025-03-27T09:50:33","guid":{"rendered":"https:\/\/pcf08.com\/?p=3257"},"modified":"2025-03-27T10:50:33","modified_gmt":"2025-03-27T09:50:33","slug":"cent-jours-pour-rien","status":"publish","type":"post","link":"https:\/\/pcf08.com\/index.php\/2025\/03\/27\/cent-jours-pour-rien\/","title":{"rendered":"Cent jours pour rien\u00a0!"},"content":{"rendered":"<p align=\"justify\"><span style=\"font-family: Times New Roman, serif;\"><span style=\"font-size: medium;\"><span style=\"font-family: Calibri, sans-serif;\"><span style=\"color: #000000;\"><img loading=\"lazy\" decoding=\"async\" class=\"size-medium wp-image-3237 alignleft\" src=\"https:\/\/pcf08.com\/wp-content\/uploads\/2025\/03\/edito-21-240x300.jpg\" alt=\"\" width=\"240\" height=\"300\" srcset=\"https:\/\/pcf08.com\/wp-content\/uploads\/2025\/03\/edito-21-240x300.jpg 240w, https:\/\/pcf08.com\/wp-content\/uploads\/2025\/03\/edito-21.jpg 512w\" sizes=\"(max-width: 240px) 100vw, 240px\" \/>Le nouveau locataire de Matignon vient de passer le cap des 100 jours \u00e0 la t\u00eate du gouvernement il y a peu.<\/span><\/span><\/span><\/span><\/p>\n<p align=\"justify\"><span style=\"font-family: Times New Roman, serif;\"><span style=\"font-size: medium;\"><span style=\"font-family: Calibri, sans-serif;\"><span style=\"color: #000000;\">Sans surprise, l\u2019action, les initiatives et les propositions faites par ce \u00e9ni\u00e8me nouveau gouvernement macroniste n\u2019apportent aucune garantie sur une am\u00e9lioration des conditions de vie de la majorit\u00e9 des citoyennes et citoyens fran\u00e7ais.<\/span><\/span><\/span><\/span><\/p>\n<p align=\"justify\"><span style=\"font-family: Times New Roman, serif;\"><span style=\"font-size: medium;\"><span style=\"font-family: Calibri, sans-serif;\"><span style=\"color: #000000;\">Seule nouveaut\u00e9, un discours du <\/span><\/span><span style=\"font-family: Calibri, sans-serif;\">p<\/span><span style=\"font-family: Calibri, sans-serif;\">r\u00e9sident de la <\/span><span style=\"font-family: Calibri, sans-serif;\">R<\/span><span style=\"font-family: Calibri, sans-serif;\">\u00e9publique \u00e0 l\u2019accent tr\u00e8s \u00ab\u00a0va-t\u2019en guerre\u00a0\u00bb n\u2019ayant pour but, inavou\u00e9, que de faire passer la politique antisociale appliqu\u00e9e depuis son arriv\u00e9e \u00e0 l\u2019\u00c9lys\u00e9e.<\/span><\/span><\/span><\/p>\n<p align=\"justify\"><span style=\"font-family: Times New Roman, serif;\"><span style=\"font-size: medium;\"><span style=\"font-family: Calibri, sans-serif;\"><span style=\"color: #000000;\">Un des exemples les plus frappants de cet ent\u00eatement, la d\u00e9claration du Premier <\/span><\/span><span style=\"font-family: Calibri, sans-serif;\">m<\/span><span style=\"font-family: Calibri, sans-serif;\">inistre qui a annonc\u00e9 de refuser cat\u00e9goriquement toute remise en cause de l\u2019\u00e2ge de d\u00e9part \u00e0 la retraite. Ce qui a eu pour effet imm\u00e9diat de ranger au rayon des inutilit\u00e9s le conclave propos\u00e9 aux partenaires sociaux sur le dossier retraites.<\/span><\/span><\/span><\/p>\n<p align=\"justify\"><span style=\"font-family: Times New Roman, serif;\"><span style=\"font-size: medium;\"><span style=\"font-family: Calibri, sans-serif;\"><span style=\"color: #000000;\">Alors que cette contre-r\u00e9forme est massivement rejet\u00e9e par l\u2019immense majorit\u00e9 des <\/span><\/span><span style=\"font-family: Calibri, sans-serif;\">F<\/span><span style=\"font-family: Calibri, sans-serif;\">ran\u00e7ais, le <\/span><span style=\"font-family: Calibri, sans-serif;\">p<\/span><span style=\"font-family: Calibri, sans-serif;\">r\u00e9sident de la R\u00e9publique et son gouvernement pr\u00e9f\u00e8re d\u00e9tourner l\u2019opinion publique en agitant le chiffon de la peur.<\/span><\/span><\/span><\/p>\n<p align=\"justify\"><span style=\"font-family: Times New Roman, serif;\"><span style=\"font-size: medium;\"><span style=\"font-family: Calibri, sans-serif;\"><span style=\"color: #000000;\">Le <\/span><\/span><span style=\"font-family: Calibri, sans-serif;\">P<\/span><span style=\"font-family: Calibri, sans-serif;\">arti <\/span><span style=\"font-family: Calibri, sans-serif;\">C<\/span><span style=\"font-family: Calibri, sans-serif;\">ommuniste <\/span><span style=\"font-family: Calibri, sans-serif;\">F<\/span><span style=\"font-family: Calibri, sans-serif;\">ran\u00e7ais par la voix de ses militants fid\u00e8les \u00e0 leur engagement de toujours en faveur de la Paix et de du progr\u00e8s social ont appel\u00e9 \u00e0 donner \u00e0 la France une voix ind\u00e9pendante pour la Paix.<\/span><\/span><\/span><\/p>\n<p align=\"justify\"><span style=\"font-family: Times New Roman, serif;\"><span style=\"font-size: medium;\"><span style=\"font-family: Calibri, sans-serif;\"><span style=\"color: #000000;\">Il est primordial de dire stop \u00e0 la fuite en avant capitaliste et guerri\u00e8re. <\/span><\/span><\/span><\/span><\/p>\n<p align=\"justify\"><span style=\"font-family: Times New Roman, serif;\"><span style=\"font-size: medium;\"><span style=\"font-family: Calibri, sans-serif;\"><span style=\"color: #000000;\">Trump, Poutine et Netanyahu n\u2019agissent en rien pour la Paix comme ils le pr\u00e9tendent. Pour le PCF il est urgent d\u2019en arriver \u00e0 la coop\u00e9ration des nations du monde pour changer les rapports mondiaux pour parler de Paix et refondre le syst\u00e8me financier.<\/span><\/span><\/span><\/span><\/p>\n<p align=\"right\"><span style=\"font-family: Times New Roman, serif;\"><span style=\"font-size: medium;\"><span style=\"font-family: Calibri, sans-serif;\"><span style=\"color: #000000;\">Patrick LATTUADA<\/span><\/span><\/span><\/span><\/p>\n","protected":false},"excerpt":{"rendered":"<p>Le nouveau locataire de Matignon vient de passer le cap des 100 jours \u00e0 la t\u00eate du gouvernement il y a peu. Sans surprise, l\u2019action, les initiatives et les propositions faites par ce \u00e9ni\u00e8me nouveau gouvernement macroniste n\u2019apportent aucune garantie sur une am\u00e9lioration des conditions de vie de la majorit\u00e9 des citoyennes et citoyens fran\u00e7ais. [&hellip;]<\/p>\n","protected":false},"author":4,"featured_media":0,"comment_status":"closed","ping_status":"open","sticky":false,"template":"","format":"standard","meta":{"saved_in_kubio":false,"footnotes":""},"categories":[1],"tags":[],"class_list":["post-3257","post","type-post","status-publish","format-standard","hentry","category-non-classe"],"_links":{"self":[{"href":"https:\/\/pcf08.com\/index.php\/wp-json\/wp\/v2\/posts\/3257","targetHints":{"allow":["GET"]}}],"collection":[{"href":"https:\/\/pcf08.com\/index.php\/wp-json\/wp\/v2\/posts"}],"about":[{"href":"https:\/\/pcf08.com\/index.php\/wp-json\/wp\/v2\/types\/post"}],"author":[{"embeddable":true,"href":"https:\/\/pcf08.com\/index.php\/wp-json\/wp\/v2\/users\/4"}],"replies":[{"embeddable":true,"href":"https:\/\/pcf08.com\/index.php\/wp-json\/wp\/v2\/comments?post=3257"}],"version-history":[{"count":1,"href":"https:\/\/pcf08.com\/index.php\/wp-json\/wp\/v2\/posts\/3257\/revisions"}],"predecessor-version":[{"id":3258,"href":"https:\/\/pcf08.com\/index.php\/wp-json\/wp\/v2\/posts\/3257\/revisions\/3258"}],"wp:attachment":[{"href":"https:\/\/pcf08.com\/index.php\/wp-json\/wp\/v2\/media?parent=3257"}],"wp:term":[{"taxonomy":"category","embeddable":true,"href":"https:\/\/pcf08.com\/index.php\/wp-json\/wp\/v2\/categories?post=3257"},{"taxonomy":"post_tag","embeddable":true,"href":"https:\/\/pcf08.com\/index.php\/wp-json\/wp\/v2\/tags?post=3257"}],"curies":[{"name":"wp","href":"https:\/\/api.w.org\/{rel}","templated":true}]}}