{"id":3254,"date":"2025-03-20T11:08:06","date_gmt":"2025-03-20T10:08:06","guid":{"rendered":"https:\/\/pcf08.com\/?p=3254"},"modified":"2025-03-20T11:08:06","modified_gmt":"2025-03-20T10:08:06","slug":"consommateurs-et-employes-pris-en-otage","status":"publish","type":"post","link":"https:\/\/pcf08.com\/index.php\/2025\/03\/20\/consommateurs-et-employes-pris-en-otage\/","title":{"rendered":"Consommateurs et employ\u00e9s pris en otage !"},"content":{"rendered":"<p align=\"justify\"><span style=\"font-family: Calibri, sans-serif;\"><img loading=\"lazy\" decoding=\"async\" class=\"size-medium wp-image-3255 alignleft\" src=\"https:\/\/pcf08.com\/wp-content\/uploads\/2025\/03\/Cora-300x137.jpg\" alt=\"\" width=\"300\" height=\"137\" srcset=\"https:\/\/pcf08.com\/wp-content\/uploads\/2025\/03\/Cora-300x137.jpg 300w, https:\/\/pcf08.com\/wp-content\/uploads\/2025\/03\/Cora-768x351.jpg 768w, https:\/\/pcf08.com\/wp-content\/uploads\/2025\/03\/Cora.jpg 800w\" sizes=\"(max-width: 300px) 100vw, 300px\" \/>Une grande restructuration est engag\u00e9e dans les enseignes des hypermarch\u00e9s. La derni\u00e8re r\u00e9organisation est le rachat par Carrefour des magasins Cora et Match. L\u2019op\u00e9ration date de juillet 2024 et a co\u00fbt\u00e9 1 milliard d\u2019euros. Cette transaction permet \u00e0 Carrefour de renforcer sa domination dans le domaine des grandes surfaces. Cela se fait loin des pr\u00e9occupations des consommateurs et des \u00e9lus qui d\u00e9couvrent dans la presse les tractations en cours pour les ventes ou les fusions des marques.<\/span><\/p>\n<p align=\"justify\"><span style=\"font-family: Calibri, sans-serif;\">Le dernier \u00e9pisode en date est donc le rachat de deux enseignes implant\u00e9es depuis de tr\u00e8s nombreuses ann\u00e9es dans les territoires. Cela va avoir pour cons\u00e9quence de renforcer une concentration des diff\u00e9rents magasins sous une seule marque. A n\u2019en pas douter cela aura une r\u00e9percussion sur l\u2019emploi et sur les prix et donc le pouvoir d\u2019achat des consommateurs. <\/span><\/p>\n<p align=\"justify\"><span style=\"font-family: Calibri, sans-serif;\">L\u2019Autorit\u00e9 de la Concurrence vient de valider cette transaction. Pour garantir la concurrence l\u2019Autorit\u00e9 a n\u00e9anmoins impos\u00e9 \u00e0 Carrefour de c\u00e9der huit magasins. Parmi ceux-ci se trouve le magasin Cora situ\u00e9 \u00e0 Villers-Semeuse. Ces huit magasins ont g\u00e9n\u00e9r\u00e9 en 2024 un chiffre d\u2019affaire de 300 millions d\u2019euros.<\/span><\/p>\n<p align=\"justify\"><span style=\"font-family: Calibri, sans-serif;\">A Villers-Semeuse ce sont quelques 330 employ\u00e9s qui ne savent pas quel sera leur avenir. Selon les v\u0153ux de l\u2019Autorit\u00e9 la cession des huit magasins doit se faire rapidement. Concernant le magasin de Villers-Semeuse il est pr\u00e9vu d\u2019assurer la continuit\u00e9 de l\u2019activit\u00e9. Au plan national ce sont plus de 2000 salari\u00e9s qui sont concern\u00e9s par ce changement de propri\u00e9taire. Concernant le peu de politique sociale de Carrefour dans ses magasins la vigilance pour le respect de l\u2019emploi et du niveau des salaires est indispensable. Un document \u00e9crit sur ces questions montrerait la volont\u00e9 de respecter les engagements. <\/span><\/p>\n<p align=\"right\"><span style=\"font-family: Calibri, sans-serif;\">Sylvain DALLA ROSA<\/span><\/p>\n","protected":false},"excerpt":{"rendered":"<p>Une grande restructuration est engag\u00e9e dans les enseignes des hypermarch\u00e9s. La derni\u00e8re r\u00e9organisation est le rachat par Carrefour des magasins Cora et Match. L\u2019op\u00e9ration date de juillet 2024 et a co\u00fbt\u00e9 1 milliard d\u2019euros. Cette transaction permet \u00e0 Carrefour de renforcer sa domination dans le domaine des grandes surfaces. Cela se fait loin des pr\u00e9occupations [&hellip;]<\/p>\n","protected":false},"author":4,"featured_media":0,"comment_status":"closed","ping_status":"open","sticky":false,"template":"","format":"standard","meta":{"saved_in_kubio":false,"footnotes":""},"categories":[1],"tags":[],"class_list":["post-3254","post","type-post","status-publish","format-standard","hentry","category-non-classe"],"_links":{"self":[{"href":"https:\/\/pcf08.com\/index.php\/wp-json\/wp\/v2\/posts\/3254","targetHints":{"allow":["GET"]}}],"collection":[{"href":"https:\/\/pcf08.com\/index.php\/wp-json\/wp\/v2\/posts"}],"about":[{"href":"https:\/\/pcf08.com\/index.php\/wp-json\/wp\/v2\/types\/post"}],"author":[{"embeddable":true,"href":"https:\/\/pcf08.com\/index.php\/wp-json\/wp\/v2\/users\/4"}],"replies":[{"embeddable":true,"href":"https:\/\/pcf08.com\/index.php\/wp-json\/wp\/v2\/comments?post=3254"}],"version-history":[{"count":1,"href":"https:\/\/pcf08.com\/index.php\/wp-json\/wp\/v2\/posts\/3254\/revisions"}],"predecessor-version":[{"id":3256,"href":"https:\/\/pcf08.com\/index.php\/wp-json\/wp\/v2\/posts\/3254\/revisions\/3256"}],"wp:attachment":[{"href":"https:\/\/pcf08.com\/index.php\/wp-json\/wp\/v2\/media?parent=3254"}],"wp:term":[{"taxonomy":"category","embeddable":true,"href":"https:\/\/pcf08.com\/index.php\/wp-json\/wp\/v2\/categories?post=3254"},{"taxonomy":"post_tag","embeddable":true,"href":"https:\/\/pcf08.com\/index.php\/wp-json\/wp\/v2\/tags?post=3254"}],"curies":[{"name":"wp","href":"https:\/\/api.w.org\/{rel}","templated":true}]}}