{"id":3248,"date":"2025-03-20T11:00:51","date_gmt":"2025-03-20T10:00:51","guid":{"rendered":"https:\/\/pcf08.com\/?p=3248"},"modified":"2025-03-20T11:00:51","modified_gmt":"2025-03-20T10:00:51","slug":"manifestation-contre-le-racisme-samedi-22-mars-a-14-h-place-ducale","status":"publish","type":"post","link":"https:\/\/pcf08.com\/index.php\/2025\/03\/20\/manifestation-contre-le-racisme-samedi-22-mars-a-14-h-place-ducale\/","title":{"rendered":"Manifestation contre le racisme samedi 22 mars \u00e0 14 H Place Ducale"},"content":{"rendered":"<p align=\"justify\"><span style=\"font-family: Calibri, sans-serif;\"><img loading=\"lazy\" decoding=\"async\" class=\"size-medium wp-image-3249 alignleft\" src=\"https:\/\/pcf08.com\/wp-content\/uploads\/2025\/03\/appel22mars-300x251.jpg\" alt=\"\" width=\"300\" height=\"251\" srcset=\"https:\/\/pcf08.com\/wp-content\/uploads\/2025\/03\/appel22mars-300x251.jpg 300w, https:\/\/pcf08.com\/wp-content\/uploads\/2025\/03\/appel22mars-768x644.jpg 768w, https:\/\/pcf08.com\/wp-content\/uploads\/2025\/03\/appel22mars.jpg 940w\" sizes=\"(max-width: 300px) 100vw, 300px\" \/>Nous serons pr\u00e9sents ce samedi pour la manifestation contre le racisme \u00e0 l\u2019appel des associations antiracistes, de d\u00e9fense des droits humains et les organisations syndicales sous le slogan\u00a0: \u00ab\u00a0N\u00e9\u00b7e\u00b7s ici ou venu\u00b7e\u00b7s d\u2019ailleurs, l\u2019\u00e9galit\u00e9 des droits c\u2019est pour toutes et tous\u00a0!\u00a0\u00bb.<\/span><\/p>\n<p align=\"justify\"><span style=\"font-family: Calibri, sans-serif;\">Alors que depuis trois d\u00e9cennies, la tol\u00e9rance \u00e0 l\u2019\u00e9gard des \u00ab minorit\u00e9s \u00bb n\u2019a cess\u00e9 d\u2019augmenter dans la soci\u00e9t\u00e9 fran\u00e7aise, le dernier rapport annuel sur la lutte contre le racisme, l\u2019antis\u00e9mitisme et la x\u00e9nophobie de la CNCDH (Commission Nationale Consultative des Droits de l\u2019Homme) r\u00e9v\u00e8le une inqui\u00e9tante mont\u00e9e de l\u2019intol\u00e9rance et m\u00eame de la haine \u00e0 l\u2019\u00e9gard de nos concitoyens juifs et musulmans tout particuli\u00e8rement.<\/span><\/p>\n<p align=\"justify\"><span style=\"font-family: Calibri, sans-serif;\">Sur les deux derni\u00e8res ann\u00e9es, les actes et paroles antis\u00e9mites n\u2019ont jamais \u00e9t\u00e9 aussi importants depuis la Deuxi\u00e8me Guerre mondiale. Dans le m\u00eame temps, la tr\u00e8s forte augmentation des actes racistes va de pair avec la persistance d\u2019un haut niveau de discriminations, notamment au travail (\u00e0 l\u2019embauche, dans l\u2019exercice des missions, dans l\u2019\u00e9volution de carri\u00e8re\u2026). Ph\u00e9nom\u00e8ne nouveau : l\u2019utilisation croissante des logiciels d\u2019IA (Intelligence Artificielle) dans la s\u00e9lection des candidatures et l\u2019\u00ab ub\u00e9risation \u00bb du travail alimentent la discrimination dans le monde du travail.<\/span><\/p>\n<p align=\"justify\"><span style=\"font-family: Calibri, sans-serif;\">La x\u00e9nophobie, le racisme, l&rsquo;antis\u00e9mitisme et les discriminations font partie de ces armes de division massive qui alimentent les fractures et permettent aux id\u00e9ologies identitaires et \u00e0 l\u2019extr\u00eame droite de progresser partout. Cette progression est aujourd\u2019hui largement permise par la parole m\u00eame du Premier ministre, quand il \u00e9voque la \u00ab submersion migratoire \u00bb ou par les actes du ministre de l&rsquo;Int\u00e9rieur. <\/span><\/p>\n<p align=\"justify\"><span style=\"font-family: Calibri, sans-serif;\">Nous inscrivons r\u00e9solument notre bataille contre le racisme dans une perspective indissociable de notre combat pour la justice sociale et intimement li\u00e9e \u00e0 la bataille universaliste pour l\u2019\u00e9galit\u00e9. Elle est celle de la R\u00e9publique qui refuse de distinguer les \u00eatres humains, quelle que soit leur nationalit\u00e9, en fonction de leur origine, de leur couleur de peau ou de leur religion.<\/span><\/p>\n<p align=\"justify\"><span id=\"Cadre5\" dir=\"ltr\"><\/span><span style=\"font-family: Calibri, sans-serif;\">Nous combattons le racisme et la x\u00e9nophobie qui demeurent des ressorts majeurs de la progression de l\u2019extr\u00eame droite en alimentant le rejet des immigr\u00e9s et en portant le principe de \u00ab priorit\u00e9 nationale \u00bb, cl\u00e9 de vo\u00fbte du programme du RN. Nous combattons avec autant de force la haine anti-juive, qui a conduit dans notre pays \u00e0 l\u2019Affaire Dreyfus et \u00e0 la collaboration avec le g\u00e9nocide hitl\u00e9rien. Et parce que nous savons que la dynamique de l\u2019extr\u00eame droite et des id\u00e9ologies identitaires se nourrit de la crise \u00e9conomique et sociale, nous voulons remettre la question du travail au centre de la bataille politique et amplifier notre mobilisation pour une nouvelle industrialisation et pour le d\u00e9veloppement des services publics.<\/span><\/p>\n<p align=\"right\"><span style=\"color: #000000;\"><span style=\"font-family: Calibri, sans-serif;\"><span style=\"font-size: small;\">Ir\u00e8ne PERRIN-TOININ<\/span><\/span><\/span><\/p>\n","protected":false},"excerpt":{"rendered":"<p>Nous serons pr\u00e9sents ce samedi pour la manifestation contre le racisme \u00e0 l\u2019appel des associations antiracistes, de d\u00e9fense des droits humains et les organisations syndicales sous le slogan\u00a0: \u00ab\u00a0N\u00e9\u00b7e\u00b7s ici ou venu\u00b7e\u00b7s d\u2019ailleurs, l\u2019\u00e9galit\u00e9 des droits c\u2019est pour toutes et tous\u00a0!\u00a0\u00bb. Alors que depuis trois d\u00e9cennies, la tol\u00e9rance \u00e0 l\u2019\u00e9gard des \u00ab minorit\u00e9s \u00bb n\u2019a [&hellip;]<\/p>\n","protected":false},"author":4,"featured_media":0,"comment_status":"closed","ping_status":"open","sticky":false,"template":"","format":"standard","meta":{"saved_in_kubio":false,"footnotes":""},"categories":[1],"tags":[],"class_list":["post-3248","post","type-post","status-publish","format-standard","hentry","category-non-classe"],"_links":{"self":[{"href":"https:\/\/pcf08.com\/index.php\/wp-json\/wp\/v2\/posts\/3248","targetHints":{"allow":["GET"]}}],"collection":[{"href":"https:\/\/pcf08.com\/index.php\/wp-json\/wp\/v2\/posts"}],"about":[{"href":"https:\/\/pcf08.com\/index.php\/wp-json\/wp\/v2\/types\/post"}],"author":[{"embeddable":true,"href":"https:\/\/pcf08.com\/index.php\/wp-json\/wp\/v2\/users\/4"}],"replies":[{"embeddable":true,"href":"https:\/\/pcf08.com\/index.php\/wp-json\/wp\/v2\/comments?post=3248"}],"version-history":[{"count":1,"href":"https:\/\/pcf08.com\/index.php\/wp-json\/wp\/v2\/posts\/3248\/revisions"}],"predecessor-version":[{"id":3250,"href":"https:\/\/pcf08.com\/index.php\/wp-json\/wp\/v2\/posts\/3248\/revisions\/3250"}],"wp:attachment":[{"href":"https:\/\/pcf08.com\/index.php\/wp-json\/wp\/v2\/media?parent=3248"}],"wp:term":[{"taxonomy":"category","embeddable":true,"href":"https:\/\/pcf08.com\/index.php\/wp-json\/wp\/v2\/categories?post=3248"},{"taxonomy":"post_tag","embeddable":true,"href":"https:\/\/pcf08.com\/index.php\/wp-json\/wp\/v2\/tags?post=3248"}],"curies":[{"name":"wp","href":"https:\/\/api.w.org\/{rel}","templated":true}]}}