{"id":3226,"date":"2025-03-06T16:33:23","date_gmt":"2025-03-06T15:33:23","guid":{"rendered":"https:\/\/pcf08.com\/?p=3226"},"modified":"2025-03-06T16:33:23","modified_gmt":"2025-03-06T15:33:23","slug":"la-securite-sociale-hier-aujourdhui-et-demain","status":"publish","type":"post","link":"https:\/\/pcf08.com\/index.php\/2025\/03\/06\/la-securite-sociale-hier-aujourdhui-et-demain\/","title":{"rendered":"La S\u00e9curit\u00e9 Sociale, hier, aujourd\u2019hui et demain"},"content":{"rendered":"<p align=\"justify\"><span style=\"font-family: Calibri, sans-serif;\"><img loading=\"lazy\" decoding=\"async\" class=\"size-medium wp-image-3220 alignleft\" src=\"https:\/\/pcf08.com\/wp-content\/uploads\/2025\/02\/13mars-212x300.jpg\" alt=\"\" width=\"212\" height=\"300\" srcset=\"https:\/\/pcf08.com\/wp-content\/uploads\/2025\/02\/13mars-212x300.jpg 212w, https:\/\/pcf08.com\/wp-content\/uploads\/2025\/02\/13mars-724x1024.jpg 724w, https:\/\/pcf08.com\/wp-content\/uploads\/2025\/02\/13mars-768x1086.jpg 768w, https:\/\/pcf08.com\/wp-content\/uploads\/2025\/02\/13mars-1086x1536.jpg 1086w, https:\/\/pcf08.com\/wp-content\/uploads\/2025\/02\/13mars.jpg 1414w\" sizes=\"(max-width: 212px) 100vw, 212px\" \/>La F\u00e9d\u00e9ration des Ardennes du PCF est partie prenante avec d\u2019autres organisations d\u2019un d\u00e9bat sur ce th\u00e8me le jeudi 13 mars \u00e0 18 h 30 \u00e0 l\u2019amphith\u00e9\u00e2tre Pierre Mend\u00e8s France de Sedan. Pierre Caillaud Croizat nous fait l\u2019honneur de venir parler de son grand-p\u00e8re, Ambroise Croizat, ministre communiste \u00e0 la lib\u00e9ration, le b\u00e2tisseur de la S\u00e9curit\u00e9 Sociale.<\/span><\/p>\n<p align=\"justify\"><span style=\"font-family: Calibri, sans-serif;\">En 1946, ce dernier terminait un discours \u00e0 l\u2019Assembl\u00e9e Nationale par ces mots\u00a0: \u00ab\u00a0<i>Voil\u00e0 qui suffit \u00e0 d\u00e9montrer l\u2019ampleur du contenu de la notion de s\u00e9curit\u00e9 sociale. Celle-ci implique d\u2019abord une organisation \u00e9conomique qui fournisse \u00e0 tous les hommes et toutes les femmes en \u00e9tat de travailler une activit\u00e9 r\u00e9mun\u00e9ratrice.<\/i>\u00a0\u00bb<\/span><\/p>\n<p align=\"justify\"><span style=\"font-family: Calibri, sans-serif;\">Que tous ceux qui le peuvent aient un travail leur permettant de vivre dignement est toujours \u00e0 l\u2019ordre du jour\u00a0! C\u2019est le sens de la campagne du PCF pour la r\u00e9industrialisation de notre pays et les services publics.<\/span><\/p>\n<p align=\"justify\"><span style=\"font-family: Calibri, sans-serif;\">A l\u2019heure o\u00f9 les principes de la S\u00e9curit\u00e9 Sociale sont remis en cause, avec le projet de retraite par capitalisation par exemple, ce d\u00e9bat va permettre d\u2019\u00e9clairer les questions d\u2019aujourd\u2019hui \u00e0 la lumi\u00e8re des valeurs fondatrices de la S\u00e9curit\u00e9 Sociale et de mettre en avant des revendications comme le 100\u00a0% s\u00e9cu en sant\u00e9 ou la prise en charge solidaire de la perte d\u2019autonomie.<\/span><\/p>\n<p align=\"right\"><span style=\"font-family: Calibri, sans-serif;\">Mich\u00e8le LEFLON<\/span><\/p>\n","protected":false},"excerpt":{"rendered":"<p>La F\u00e9d\u00e9ration des Ardennes du PCF est partie prenante avec d\u2019autres organisations d\u2019un d\u00e9bat sur ce th\u00e8me le jeudi 13 mars \u00e0 18 h 30 \u00e0 l\u2019amphith\u00e9\u00e2tre Pierre Mend\u00e8s France de Sedan. Pierre Caillaud Croizat nous fait l\u2019honneur de venir parler de son grand-p\u00e8re, Ambroise Croizat, ministre communiste \u00e0 la lib\u00e9ration, le b\u00e2tisseur de la [&hellip;]<\/p>\n","protected":false},"author":4,"featured_media":0,"comment_status":"closed","ping_status":"open","sticky":false,"template":"","format":"standard","meta":{"saved_in_kubio":false,"footnotes":""},"categories":[1],"tags":[],"class_list":["post-3226","post","type-post","status-publish","format-standard","hentry","category-non-classe"],"_links":{"self":[{"href":"https:\/\/pcf08.com\/index.php\/wp-json\/wp\/v2\/posts\/3226","targetHints":{"allow":["GET"]}}],"collection":[{"href":"https:\/\/pcf08.com\/index.php\/wp-json\/wp\/v2\/posts"}],"about":[{"href":"https:\/\/pcf08.com\/index.php\/wp-json\/wp\/v2\/types\/post"}],"author":[{"embeddable":true,"href":"https:\/\/pcf08.com\/index.php\/wp-json\/wp\/v2\/users\/4"}],"replies":[{"embeddable":true,"href":"https:\/\/pcf08.com\/index.php\/wp-json\/wp\/v2\/comments?post=3226"}],"version-history":[{"count":2,"href":"https:\/\/pcf08.com\/index.php\/wp-json\/wp\/v2\/posts\/3226\/revisions"}],"predecessor-version":[{"id":3229,"href":"https:\/\/pcf08.com\/index.php\/wp-json\/wp\/v2\/posts\/3226\/revisions\/3229"}],"wp:attachment":[{"href":"https:\/\/pcf08.com\/index.php\/wp-json\/wp\/v2\/media?parent=3226"}],"wp:term":[{"taxonomy":"category","embeddable":true,"href":"https:\/\/pcf08.com\/index.php\/wp-json\/wp\/v2\/categories?post=3226"},{"taxonomy":"post_tag","embeddable":true,"href":"https:\/\/pcf08.com\/index.php\/wp-json\/wp\/v2\/tags?post=3226"}],"curies":[{"name":"wp","href":"https:\/\/api.w.org\/{rel}","templated":true}]}}