{"id":3223,"date":"2025-03-06T16:31:38","date_gmt":"2025-03-06T15:31:38","guid":{"rendered":"https:\/\/pcf08.com\/?p=3223"},"modified":"2025-03-06T16:31:38","modified_gmt":"2025-03-06T15:31:38","slug":"le-8-mars-journee-plus-que-jamais-dactualite","status":"publish","type":"post","link":"https:\/\/pcf08.com\/index.php\/2025\/03\/06\/le-8-mars-journee-plus-que-jamais-dactualite\/","title":{"rendered":"Le 8 Mars, journ\u00e9e plus que jamais d&rsquo;actualit\u00e9\u00a0"},"content":{"rendered":"<p align=\"justify\"><span style=\"font-family: Calibri, sans-serif;\"><img loading=\"lazy\" decoding=\"async\" class=\"size-medium wp-image-3224 alignleft\" src=\"https:\/\/pcf08.com\/wp-content\/uploads\/2025\/03\/edito-20-240x300.jpg\" alt=\"\" width=\"240\" height=\"300\" srcset=\"https:\/\/pcf08.com\/wp-content\/uploads\/2025\/03\/edito-20-240x300.jpg 240w, https:\/\/pcf08.com\/wp-content\/uploads\/2025\/03\/edito-20.jpg 480w\" sizes=\"(max-width: 240px) 100vw, 240px\" \/>La journ\u00e9e internationale de lutte pour les droits des femmes est en effet et toujours une journ\u00e9e de revendications.<\/span><\/p>\n<p align=\"justify\"><span style=\"font-family: Calibri, sans-serif;\">\u00c9galit\u00e9 au travail, dans la vie courante, solidarit\u00e9 avec les femmes du monde entier, lutte contre les id\u00e9es d&rsquo;extr\u00eame droite sexistes et patriarcales sont autant de combats \u00e0 mener encore aujourd&rsquo;hui.<\/span><\/p>\n<p align=\"justify\"><span style=\"font-family: Calibri, sans-serif;\">Il faut \u00e9galement refuser et se battre contre tous les types de violences inflig\u00e9es\u00a0 aux femmes qu&rsquo;elles soient morales ou physiques dont les violences sexuelles et les f\u00e9minicides font partie, ces derniers ne diminuant malheureusement pas ann\u00e9e apr\u00e8s ann\u00e9e.<\/span><\/p>\n<p align=\"justify\"><span style=\"font-family: Calibri, sans-serif;\">Les in\u00e9galit\u00e9s ne sont pas une fatalit\u00e9 non plus. Qu&rsquo;elles soient dans le monde du travail concernant les salaires mais aussi les temps partiels subits, qu&rsquo;elles\u00a0 soient sexistes au travail, dans la famille ou l&rsquo;espace public, les injustices restent enti\u00e8res.<\/span><\/p>\n<p align=\"justify\"><span style=\"font-family: Calibri, sans-serif;\">Les lois sont un appui crucial encore faut-il qu&rsquo;elles soient appliqu\u00e9es ! La directive europ\u00e9enne sur \u00ab\u00a0la transparence\u00a0\u00bb vise \u00e0 renforcer l&rsquo;\u00e9galit\u00e9 des r\u00e9mun\u00e9rations entre les femmes et les hommes. La France doit la transposer en droit fran\u00e7ais d&rsquo;ici 2026. Les in\u00e9galit\u00e9s salariales impactent directement le quotidien des femmes mais elle le paient\u00a0 \u00e9galement cash quand elles font valoir leur droit \u00e0 la retraite.<\/span><\/p>\n<p align=\"justify\"><span style=\"font-family: Calibri, sans-serif;\">Cette transposition est donc un enjeu majeur car les m\u00e9tiers occup\u00e9s essentiellement par les femmes notamment dans les services publics sont sous-valoris\u00e9s bien que comparables \u00e0 certains m\u00e9tiers masculins. Ils doivent \u00eatre reconnus \u00e0 valeur \u00e9gale. Il est imp\u00e9ratif d&rsquo;augmenter les salaires et am\u00e9liorer les conditions de travail, dans le soin, le commerce mais aussi la propret\u00e9 pour ne citer que ces exemples de m\u00e9tiers majoritairement f\u00e9minins.<\/span><\/p>\n<p align=\"justify\"><span style=\"font-family: Calibri, sans-serif;\">La sant\u00e9 n\u2019\u00e9chappe pas \u00e0 la persistance de ce ph\u00e9nom\u00e8ne d\u2019in\u00e9galit\u00e9. Depuis une petite dizaine d\u2019ann\u00e9es, la recherche explore enfin comment le genre influence le diagnostic et la prise en charge de certaines maladies.<\/span><\/p>\n<p align=\"justify\"><span style=\"font-family: Calibri, sans-serif;\">Le budget Bayrou accentue encore les in\u00e9galit\u00e9s par des restrictions budg\u00e9taires majeures qui, par voie de cons\u00e9quence p\u00e9nalisent d&rsquo;autant plus les femmes.\u00a0\u00a0<\/span><\/p>\n<p align=\"justify\"><span style=\"font-family: Calibri, sans-serif;\">Dans un autre registre, le droit des femmes \u00e0 disposer de leur corps par la contraception ou l&rsquo;IVG n\u00e9cessite un acc\u00e8s libre et rembours\u00e9.<\/span><\/p>\n<p align=\"justify\"><span style=\"font-family: Calibri, sans-serif;\">Malheureusement certains territoires sont d\u00e9pourvus de structures tels que les plannings familiaux pour acc\u00e9der \u00e0 ces droits ce qui complique gravement les d\u00e9marches et la vie des femmes.<\/span><\/p>\n<p align=\"justify\"><span style=\"font-family: Calibri, sans-serif;\">Pour toutes ces raisons, la mobilisation le 8 mars continue de s&rsquo;imposer.<\/span><\/p>\n<p align=\"justify\"><span style=\"font-family: Calibri, sans-serif;\">\u00c0 cette occasion, l&rsquo;UD CGT organise une initiative \u00e0 la bourse du travail \u00e0 partir de 10h00 (inscriptions obligatoires).<\/span><\/p>\n<p align=\"justify\"><span style=\"font-family: Calibri, sans-serif;\">Restons toutes et tous mobilis\u00e9.es pour des Jours Heureux au f\u00e9minin !<\/span><\/p>\n<p align=\"justify\"><span style=\"font-family: Calibri, sans-serif;\"><i>Le film \u00ab\u00a0\u00c0 temps plein\u00a0\u00bb diffus\u00e9 sur France 2 le 2 mars est un exemple criant de r\u00e9alisme sur la vie de milliers de femmes confront\u00e9es \u00e0 la conciliation\u00a0 entre vie professionnelle et personnelle avec tous les al\u00e9as qui vont avec, d&rsquo;autant plus quand elles sont seules et m\u00e8res de famille (\u00e0 revoir sur la plateforme france.tv).<\/i><\/span><\/p>\n<p align=\"right\"><span style=\"font-family: Calibri, sans-serif;\">Corine POSTAL<\/span><\/p>\n","protected":false},"excerpt":{"rendered":"<p>La journ\u00e9e internationale de lutte pour les droits des femmes est en effet et toujours une journ\u00e9e de revendications. \u00c9galit\u00e9 au travail, dans la vie courante, solidarit\u00e9 avec les femmes du monde entier, lutte contre les id\u00e9es d&rsquo;extr\u00eame droite sexistes et patriarcales sont autant de combats \u00e0 mener encore aujourd&rsquo;hui. Il faut \u00e9galement refuser et [&hellip;]<\/p>\n","protected":false},"author":4,"featured_media":0,"comment_status":"closed","ping_status":"open","sticky":false,"template":"","format":"standard","meta":{"saved_in_kubio":false,"footnotes":""},"categories":[1],"tags":[],"class_list":["post-3223","post","type-post","status-publish","format-standard","hentry","category-non-classe"],"_links":{"self":[{"href":"https:\/\/pcf08.com\/index.php\/wp-json\/wp\/v2\/posts\/3223","targetHints":{"allow":["GET"]}}],"collection":[{"href":"https:\/\/pcf08.com\/index.php\/wp-json\/wp\/v2\/posts"}],"about":[{"href":"https:\/\/pcf08.com\/index.php\/wp-json\/wp\/v2\/types\/post"}],"author":[{"embeddable":true,"href":"https:\/\/pcf08.com\/index.php\/wp-json\/wp\/v2\/users\/4"}],"replies":[{"embeddable":true,"href":"https:\/\/pcf08.com\/index.php\/wp-json\/wp\/v2\/comments?post=3223"}],"version-history":[{"count":1,"href":"https:\/\/pcf08.com\/index.php\/wp-json\/wp\/v2\/posts\/3223\/revisions"}],"predecessor-version":[{"id":3225,"href":"https:\/\/pcf08.com\/index.php\/wp-json\/wp\/v2\/posts\/3223\/revisions\/3225"}],"wp:attachment":[{"href":"https:\/\/pcf08.com\/index.php\/wp-json\/wp\/v2\/media?parent=3223"}],"wp:term":[{"taxonomy":"category","embeddable":true,"href":"https:\/\/pcf08.com\/index.php\/wp-json\/wp\/v2\/categories?post=3223"},{"taxonomy":"post_tag","embeddable":true,"href":"https:\/\/pcf08.com\/index.php\/wp-json\/wp\/v2\/tags?post=3223"}],"curies":[{"name":"wp","href":"https:\/\/api.w.org\/{rel}","templated":true}]}}