{"id":3216,"date":"2025-02-27T14:31:40","date_gmt":"2025-02-27T13:31:40","guid":{"rendered":"https:\/\/pcf08.com\/?p=3216"},"modified":"2025-02-27T14:31:40","modified_gmt":"2025-02-27T13:31:40","slug":"communique-la-libre-pensee-des-ardennes-affirme-sa-defense-de-la-laicite","status":"publish","type":"post","link":"https:\/\/pcf08.com\/index.php\/2025\/02\/27\/communique-la-libre-pensee-des-ardennes-affirme-sa-defense-de-la-laicite\/","title":{"rendered":"Communiqu\u00e9 :  La LIBRE PENS\u00c9E des Ardennes affirme sa d\u00e9fense de la la\u00efcit\u00e9"},"content":{"rendered":"<p align=\"justify\"><span style=\"color: #000000;\"><span style=\"font-family: Calibri, sans-serif;\"><span style=\"font-size: medium;\"><img loading=\"lazy\" decoding=\"async\" class=\"size-medium wp-image-3217 alignleft\" src=\"https:\/\/pcf08.com\/wp-content\/uploads\/2025\/02\/librepensee-300x300.jpg\" alt=\"\" width=\"300\" height=\"300\" srcset=\"https:\/\/pcf08.com\/wp-content\/uploads\/2025\/02\/librepensee-300x300.jpg 300w, https:\/\/pcf08.com\/wp-content\/uploads\/2025\/02\/librepensee-150x150.jpg 150w, https:\/\/pcf08.com\/wp-content\/uploads\/2025\/02\/librepensee.jpg 414w\" sizes=\"(max-width: 300px) 100vw, 300px\" \/>L\u2019association ardennaise de la Libre Pens\u00e9e (LP) vient de tenir son assembl\u00e9e g\u00e9n\u00e9rale. La r\u00e9union a commenc\u00e9 par une minute de silence en m\u00e9moire de Michel NAGOT, vice-Pr\u00e9sident de l\u2019association, qui est d\u00e9c\u00e9d\u00e9 d\u00e9but f\u00e9vrier. Son engagement m\u00e9rite le respect de tous les d\u00e9fenseurs de la la\u00efcit\u00e9. <\/span><\/span><\/span><\/p>\n<p align=\"justify\"><span style=\"color: #000000;\"><span style=\"font-family: Calibri, sans-serif;\"><span style=\"font-size: medium;\">En introduction, le Pr\u00e9sident, Alain TOURNAFOL, a rappel\u00e9 les principes de base qui guide l\u2019action de la LP. L\u2019engagement de celle-ci pour une la\u00efcit\u00e9 institutionnelle se d\u00e9termine par le respect de la loi de s\u00e9paration des \u00e9glises et de l\u2019\u00c9tat du 9 d\u00e9cembre 1905. Les militants ont \u00e9galement r\u00e9affirm\u00e9 leur volont\u00e9 d\u2019un monde en paix. Cette d\u00e9termination donne \u00e0 la LP l\u2019exigence de voir la r\u00e9habilitation des \u00ab\u00a0fusill\u00e9s pour l\u2019exemple\u00a0\u00bb assassin\u00e9s pendant la guerre 14\/18. Autre point sur lequel son<\/span><\/span><\/span><span style=\"color: #000000;\"><span style=\"font-family: Calibri, sans-serif;\"><span style=\"font-size: medium;\">t<\/span><\/span><\/span><span style=\"color: #000000;\"><span style=\"font-family: Calibri, sans-serif;\"><span style=\"font-size: medium;\"> revenus les participants concerne le concordat qui finance l<\/span><\/span><\/span><span style=\"color: #000000;\"><span style=\"font-family: Calibri, sans-serif;\"><span style=\"font-size: medium;\">es ministres du culte.<\/span><\/span><\/span><span style=\"color: #000000;\"><span style=\"font-family: Calibri, sans-serif;\"><span style=\"font-size: medium;\"> La LP d\u00e9nonce avec force la volont\u00e9 de certains \u00e9lus du Grand Est d\u2019\u00e9largir le concordat \u00e0 l\u2019ensemble de la r\u00e9gion.<\/span><\/span><\/span><\/p>\n<p align=\"justify\"><span style=\"color: #000000;\"><span style=\"font-family: Calibri, sans-serif;\"><span style=\"font-size: medium;\">Le d\u00e9bat a permis de revenir sur la pr\u00e9sence et le soutien de la LP dans les combats actuels pour le progr\u00e8s social. Un appel au renforcement de l\u2019association a \u00e9t\u00e9 au c\u0153ur de l\u2019intervention des membres pr\u00e9sents.<\/span><\/span><\/span><\/p>\n<p align=\"justify\"><span style=\"color: #000000;\"><span style=\"font-family: Calibri, sans-serif;\"><span style=\"font-size: medium;\">La r\u00e9union s\u2019est cl\u00f4tur\u00e9e par la d\u00e9signation du bureau de l\u2019association. A. Tournafol Pr\u00e9sident, D. Postel vice-pr\u00e9sidente, S. Dalla Rosa tr\u00e9sorier et S. Moglia membre.<\/span><\/span><\/span><\/p>\n","protected":false},"excerpt":{"rendered":"<p>L\u2019association ardennaise de la Libre Pens\u00e9e (LP) vient de tenir son assembl\u00e9e g\u00e9n\u00e9rale. La r\u00e9union a commenc\u00e9 par une minute de silence en m\u00e9moire de Michel NAGOT, vice-Pr\u00e9sident de l\u2019association, qui est d\u00e9c\u00e9d\u00e9 d\u00e9but f\u00e9vrier. Son engagement m\u00e9rite le respect de tous les d\u00e9fenseurs de la la\u00efcit\u00e9. En introduction, le Pr\u00e9sident, Alain TOURNAFOL, a rappel\u00e9 [&hellip;]<\/p>\n","protected":false},"author":4,"featured_media":0,"comment_status":"closed","ping_status":"open","sticky":false,"template":"","format":"standard","meta":{"saved_in_kubio":false,"footnotes":""},"categories":[1],"tags":[],"class_list":["post-3216","post","type-post","status-publish","format-standard","hentry","category-non-classe"],"_links":{"self":[{"href":"https:\/\/pcf08.com\/index.php\/wp-json\/wp\/v2\/posts\/3216","targetHints":{"allow":["GET"]}}],"collection":[{"href":"https:\/\/pcf08.com\/index.php\/wp-json\/wp\/v2\/posts"}],"about":[{"href":"https:\/\/pcf08.com\/index.php\/wp-json\/wp\/v2\/types\/post"}],"author":[{"embeddable":true,"href":"https:\/\/pcf08.com\/index.php\/wp-json\/wp\/v2\/users\/4"}],"replies":[{"embeddable":true,"href":"https:\/\/pcf08.com\/index.php\/wp-json\/wp\/v2\/comments?post=3216"}],"version-history":[{"count":1,"href":"https:\/\/pcf08.com\/index.php\/wp-json\/wp\/v2\/posts\/3216\/revisions"}],"predecessor-version":[{"id":3218,"href":"https:\/\/pcf08.com\/index.php\/wp-json\/wp\/v2\/posts\/3216\/revisions\/3218"}],"wp:attachment":[{"href":"https:\/\/pcf08.com\/index.php\/wp-json\/wp\/v2\/media?parent=3216"}],"wp:term":[{"taxonomy":"category","embeddable":true,"href":"https:\/\/pcf08.com\/index.php\/wp-json\/wp\/v2\/categories?post=3216"},{"taxonomy":"post_tag","embeddable":true,"href":"https:\/\/pcf08.com\/index.php\/wp-json\/wp\/v2\/tags?post=3216"}],"curies":[{"name":"wp","href":"https:\/\/api.w.org\/{rel}","templated":true}]}}