{"id":3198,"date":"2025-02-13T09:26:08","date_gmt":"2025-02-13T08:26:08","guid":{"rendered":"https:\/\/pcf08.com\/?p=3198"},"modified":"2025-02-13T09:26:08","modified_gmt":"2025-02-13T08:26:08","slug":"lidl-en-pointe-pour-le-travail-dominical","status":"publish","type":"post","link":"https:\/\/pcf08.com\/index.php\/2025\/02\/13\/lidl-en-pointe-pour-le-travail-dominical\/","title":{"rendered":"LIDL en pointe pour le travail dominical"},"content":{"rendered":"<p align=\"justify\"><span style=\"font-family: Calibri, sans-serif;\"><img loading=\"lazy\" decoding=\"async\" class=\"size-medium wp-image-3199 alignleft\" src=\"https:\/\/pcf08.com\/wp-content\/uploads\/2025\/02\/lidl-2-300x172.jpg\" alt=\"\" width=\"300\" height=\"172\" srcset=\"https:\/\/pcf08.com\/wp-content\/uploads\/2025\/02\/lidl-2-300x172.jpg 300w, https:\/\/pcf08.com\/wp-content\/uploads\/2025\/02\/lidl-2-768x440.jpg 768w, https:\/\/pcf08.com\/wp-content\/uploads\/2025\/02\/lidl-2.jpg 800w\" sizes=\"(max-width: 300px) 100vw, 300px\" \/>L\u2019enseigne de la grande distribution LIDL est au centre de l\u2019actualit\u00e9. Apr\u00e8s avoir d\u00e9sert\u00e9 les quartiers populaires sous pr\u00e9texte de monter en gamme des produits, notamment \u00e0 la Ronde Couture, voila maintenant que le discounter allemand veut g\u00e9n\u00e9raliser le travail du dimanche \u00e0 ses 1600 magasins situ\u00e9s en France. C\u2019est d\u00e9j\u00e0 le cas dans le magasin situ\u00e9 \u00e0 Warcq.<\/span><\/p>\n<p align=\"justify\"><span style=\"font-family: Calibri, sans-serif;\">A l\u2019appel des organisations syndicales, pr\u00e8s de 4000 salari\u00e9s en France \u00e9taient en gr\u00e9ve ce 7 f\u00e9vrier dernier pour refuser le travail dominical. Devant la d\u00e9gradation des conditions de travail la col\u00e8re est forte. Dans les revendications du personnel la revalorisation des salaires est \u00e9galement au c\u0153ur des exigences. Apr\u00e8s avoir d\u00e9cid\u00e9 de monter en gamme pour les produits vendus, LIDL affiche sa volont\u00e9 de revenir au hard-discount. <\/span><\/p>\n<p align=\"justify\"><span style=\"font-family: Calibri, sans-serif;\">La gr\u00e9ve du personnel a touch\u00e9 le magasin de Charleville-M\u00e9zi\u00e8res. Pour bien marquer leur d\u00e9termination les gr\u00e9vistes ont assur\u00e9 une pr\u00e9sence devant l\u2019enseigne situ\u00e9e \u00e0 Warcq. Les slogans repris \u00e0 cette occasion \u00e9taient clairs \u00ab\u00a0on travaille toujours plus et on a que des miettes\u00a0\u00bb. <\/span><\/p>\n<p align=\"justify\"><span style=\"font-family: Calibri, sans-serif;\">Concernant le travail du dimanche les \u00e9lus de l\u2019agglom\u00e9ration Ardenne M\u00e9tropole et de Charleville-M\u00e9zi\u00e8res votent r\u00e9guli\u00e8rement l\u2019autorisation d\u2019ouverture le dimanche des magasins de la grande distribution. Les salari\u00e9s sont en droit de demander des comptes \u00e0 ces \u00e9lus.<\/span><\/p>\n<p align=\"right\"><span style=\"font-family: Calibri, sans-serif;\"> Sylvain DALLA ROSA<\/span><\/p>\n","protected":false},"excerpt":{"rendered":"<p>L\u2019enseigne de la grande distribution LIDL est au centre de l\u2019actualit\u00e9. Apr\u00e8s avoir d\u00e9sert\u00e9 les quartiers populaires sous pr\u00e9texte de monter en gamme des produits, notamment \u00e0 la Ronde Couture, voila maintenant que le discounter allemand veut g\u00e9n\u00e9raliser le travail du dimanche \u00e0 ses 1600 magasins situ\u00e9s en France. C\u2019est d\u00e9j\u00e0 le cas dans le [&hellip;]<\/p>\n","protected":false},"author":4,"featured_media":0,"comment_status":"closed","ping_status":"open","sticky":false,"template":"","format":"standard","meta":{"saved_in_kubio":false,"footnotes":""},"categories":[1],"tags":[],"class_list":["post-3198","post","type-post","status-publish","format-standard","hentry","category-non-classe"],"_links":{"self":[{"href":"https:\/\/pcf08.com\/index.php\/wp-json\/wp\/v2\/posts\/3198","targetHints":{"allow":["GET"]}}],"collection":[{"href":"https:\/\/pcf08.com\/index.php\/wp-json\/wp\/v2\/posts"}],"about":[{"href":"https:\/\/pcf08.com\/index.php\/wp-json\/wp\/v2\/types\/post"}],"author":[{"embeddable":true,"href":"https:\/\/pcf08.com\/index.php\/wp-json\/wp\/v2\/users\/4"}],"replies":[{"embeddable":true,"href":"https:\/\/pcf08.com\/index.php\/wp-json\/wp\/v2\/comments?post=3198"}],"version-history":[{"count":1,"href":"https:\/\/pcf08.com\/index.php\/wp-json\/wp\/v2\/posts\/3198\/revisions"}],"predecessor-version":[{"id":3200,"href":"https:\/\/pcf08.com\/index.php\/wp-json\/wp\/v2\/posts\/3198\/revisions\/3200"}],"wp:attachment":[{"href":"https:\/\/pcf08.com\/index.php\/wp-json\/wp\/v2\/media?parent=3198"}],"wp:term":[{"taxonomy":"category","embeddable":true,"href":"https:\/\/pcf08.com\/index.php\/wp-json\/wp\/v2\/categories?post=3198"},{"taxonomy":"post_tag","embeddable":true,"href":"https:\/\/pcf08.com\/index.php\/wp-json\/wp\/v2\/tags?post=3198"}],"curies":[{"name":"wp","href":"https:\/\/api.w.org\/{rel}","templated":true}]}}