{"id":3195,"date":"2025-02-13T09:24:35","date_gmt":"2025-02-13T08:24:35","guid":{"rendered":"https:\/\/pcf08.com\/?p=3195"},"modified":"2025-02-13T09:24:35","modified_gmt":"2025-02-13T08:24:35","slug":"coup-de-tonnerre-dans-les-chambres-dagriculture","status":"publish","type":"post","link":"https:\/\/pcf08.com\/index.php\/2025\/02\/13\/coup-de-tonnerre-dans-les-chambres-dagriculture\/","title":{"rendered":"Coup de tonnerre dans les Chambres d\u2019Agriculture"},"content":{"rendered":"<p align=\"justify\"><span style=\"font-family: Calibri, sans-serif;\"><img loading=\"lazy\" decoding=\"async\" class=\"size-medium wp-image-3196 alignleft\" src=\"https:\/\/pcf08.com\/wp-content\/uploads\/2025\/02\/agriculture-3-300x225.jpg\" alt=\"\" width=\"300\" height=\"225\" srcset=\"https:\/\/pcf08.com\/wp-content\/uploads\/2025\/02\/agriculture-3-300x225.jpg 300w, https:\/\/pcf08.com\/wp-content\/uploads\/2025\/02\/agriculture-3-768x576.jpg 768w, https:\/\/pcf08.com\/wp-content\/uploads\/2025\/02\/agriculture-3.jpg 800w\" sizes=\"(max-width: 300px) 100vw, 300px\" \/>Ces derni\u00e8res semaines ont \u00e9t\u00e9 marqu\u00e9es par les mouvements de col\u00e8re des exploitants agricoles. C\u2018est sur un fond de campagnes \u00e9lectorales que ceux-ci se sont d\u00e9roul\u00e9s. Dans ce contexte les r\u00e9sultats du scrutin pour \u00e9lire des repr\u00e9sentants aux Chambres d\u2019Agriculture, de janvier dernier, apparaissent ind\u00e9niablement comme un appel \u00e0 ce que les revendications paysannes soient entendues. Au centre de la col\u00e8re les paysans d\u00e9noncent crouler sous les d\u00e9marches administratives avec peu de r\u00e9sultats. A titre d\u2019exemple sur les 112 exploitations d\u2019ovins dans les Ardennes seules 35 peuvent pr\u00e9tendre \u00e0 des aides financi\u00e8res. L\u2019adoption du trait\u00e9 international \u00ab\u00a0le Mercosur\u00a0\u00bb va faire dispara\u00eetre des centaines d\u2019exploitations en France. Au centre des manifestations des semaines \u00e9coul\u00e9es une revendication majeure \u00e9tait au centre des revendications \u00ab\u00a0laissez nous vivre\u00a0\u00bb. Les accords sur le libre-\u00e9change sont une catastrophe pour les exploitations fran\u00e7aises. <\/span><\/p>\n<p align=\"justify\"><span style=\"font-family: Calibri, sans-serif;\">Le vote pour d\u00e9signer les membres des Chambres d\u2019Agriculture a incontestablement pes\u00e9 sur la mobilisation et certains syndicats agricoles ont saisi cette \u00e9lection pour faire entendre des arguments qui devenaient des slogans \u00e9lectoraux. D\u2019habitude ces \u00e9lections sont une formalit\u00e9 pour la F\u00e9d\u00e9ration Nationale des Syndicats d\u2019 Exploitants Agricoles (FNSEA). Celle-ci \u00e9tait ultra dominante. Ce qui \u00e9tait pr\u00e9visible pour ceux qui sont \u00e0 l\u2019\u00e9coute du monde agricole. Dans plusieurs d\u00e9partements, dont les Ardennes, c\u2019est la Coordination Rurale (CR) qui arrive en t\u00eate. Malgr\u00e9 des appels r\u00e9p\u00e9t\u00e9s \u00e0 se saisir du bulletin de vote comme acte revendicatif, seulement 55% des \u00e9lecteurs ardennais se sont d\u00e9plac\u00e9s pour aller voter. Dans notre d\u00e9partement la Coordination Rurale obtient 48,97% et 13 si\u00e8ges, la FNSEA se trouve cr\u00e9dit\u00e9e de 41,43% et de 4 si\u00e8ges. La CR n\u2019est pas encore s\u00fbr de pouvoir diriger la Chambre d\u2019Agriculture des Ardennes dont la d\u00e9signation interviendra le 20 f\u00e9vrier prochain. Elle ne dispose pas de la majorit\u00e9 absolu et devra passer par des alliances pour obtenir la pr\u00e9sidence. Au plan national la CR obtient des r\u00e9sultats en nette progression dans l\u2019ensemble des d\u00e9partements. Les perspectives leur donneraient la pr\u00e9sidence dans plus d\u2019une dizaine de Chambres. Interrog\u00e9 par la presse Th. Huet le pr\u00e9sident de la FNSEA08 voit ce scrutin comme une remise en cause de la gestion de son syndicat dans les instances agricoles. Cette situation n\u2019est pas uniquement dans les Ardennes. La CR arrive en t\u00eate dans 14 d\u00e9partements contre 3 auparavant. En revanche la Conf\u00e9d\u00e9ration Paysanne recule quasiment partout. Dans notre d\u00e9partement elle passe de 13,35% en 2019 \u00e0 9,60%. Tous ces \u00e9l\u00e9ments ne concernent que le coll\u00e8ge des exploitants.<\/span><\/p>\n<p align=\"right\"><span style=\"font-family: Calibri, sans-serif;\"> Sylvain DALLA ROSA<\/span><\/p>\n","protected":false},"excerpt":{"rendered":"<p>Ces derni\u00e8res semaines ont \u00e9t\u00e9 marqu\u00e9es par les mouvements de col\u00e8re des exploitants agricoles. C\u2018est sur un fond de campagnes \u00e9lectorales que ceux-ci se sont d\u00e9roul\u00e9s. Dans ce contexte les r\u00e9sultats du scrutin pour \u00e9lire des repr\u00e9sentants aux Chambres d\u2019Agriculture, de janvier dernier, apparaissent ind\u00e9niablement comme un appel \u00e0 ce que les revendications paysannes soient [&hellip;]<\/p>\n","protected":false},"author":4,"featured_media":0,"comment_status":"closed","ping_status":"open","sticky":false,"template":"","format":"standard","meta":{"saved_in_kubio":false,"footnotes":""},"categories":[1],"tags":[],"class_list":["post-3195","post","type-post","status-publish","format-standard","hentry","category-non-classe"],"_links":{"self":[{"href":"https:\/\/pcf08.com\/index.php\/wp-json\/wp\/v2\/posts\/3195","targetHints":{"allow":["GET"]}}],"collection":[{"href":"https:\/\/pcf08.com\/index.php\/wp-json\/wp\/v2\/posts"}],"about":[{"href":"https:\/\/pcf08.com\/index.php\/wp-json\/wp\/v2\/types\/post"}],"author":[{"embeddable":true,"href":"https:\/\/pcf08.com\/index.php\/wp-json\/wp\/v2\/users\/4"}],"replies":[{"embeddable":true,"href":"https:\/\/pcf08.com\/index.php\/wp-json\/wp\/v2\/comments?post=3195"}],"version-history":[{"count":1,"href":"https:\/\/pcf08.com\/index.php\/wp-json\/wp\/v2\/posts\/3195\/revisions"}],"predecessor-version":[{"id":3197,"href":"https:\/\/pcf08.com\/index.php\/wp-json\/wp\/v2\/posts\/3195\/revisions\/3197"}],"wp:attachment":[{"href":"https:\/\/pcf08.com\/index.php\/wp-json\/wp\/v2\/media?parent=3195"}],"wp:term":[{"taxonomy":"category","embeddable":true,"href":"https:\/\/pcf08.com\/index.php\/wp-json\/wp\/v2\/categories?post=3195"},{"taxonomy":"post_tag","embeddable":true,"href":"https:\/\/pcf08.com\/index.php\/wp-json\/wp\/v2\/tags?post=3195"}],"curies":[{"name":"wp","href":"https:\/\/api.w.org\/{rel}","templated":true}]}}