{"id":3192,"date":"2025-02-13T09:15:59","date_gmt":"2025-02-13T08:15:59","guid":{"rendered":"https:\/\/pcf08.com\/?p=3192"},"modified":"2025-02-13T09:15:59","modified_gmt":"2025-02-13T08:15:59","slug":"handicap-beaucoup-reste-a-faire","status":"publish","type":"post","link":"https:\/\/pcf08.com\/index.php\/2025\/02\/13\/handicap-beaucoup-reste-a-faire\/","title":{"rendered":"Handicap\u00a0: beaucoup reste \u00e0 faire\u00a0!"},"content":{"rendered":"<p align=\"justify\"><span style=\"font-family: Calibri, sans-serif;\"><img loading=\"lazy\" decoding=\"async\" class=\"size-medium wp-image-3193 alignleft\" src=\"https:\/\/pcf08.com\/wp-content\/uploads\/2025\/02\/handicap-1-300x272.jpg\" alt=\"\" width=\"300\" height=\"272\" srcset=\"https:\/\/pcf08.com\/wp-content\/uploads\/2025\/02\/handicap-1-300x272.jpg 300w, https:\/\/pcf08.com\/wp-content\/uploads\/2025\/02\/handicap-1-768x696.jpg 768w, https:\/\/pcf08.com\/wp-content\/uploads\/2025\/02\/handicap-1.jpg 951w\" sizes=\"(max-width: 300px) 100vw, 300px\" \/>La France vient de f\u00eater les 20 ans de la loi affirmant le droit des personnes en situation de handicap \u00e0 exister pleinement dans notre soci\u00e9t\u00e9, en tant que citoyennes et citoyens. Cet \u00e9t\u00e9, les jeux paraolymiques ont mis en valeur les athl\u00e8tes en situation de handicap.<\/span><\/p>\n<p align=\"justify\"><span style=\"font-family: Calibri, sans-serif;\">Et pourtant, que la situation concr\u00e8te reste compliqu\u00e9e\u00a0: pr\u00e9carisation financi\u00e8re avec en particulier des prestations de compensation du handicap notoirement insuffisantes, difficult\u00e9 de logement avec une Loi Elan limitant la construction de logements neufs accessibles, acc\u00e8s \u00e0 l\u2019\u00e9cole incertain par manque d\u2019accompagnement avec des AESH (accompagnant d\u2019\u00e9l\u00e8ve en situation de handicap) toujours pr\u00e9caris\u00e9.e.s, r\u00e9sultats de la loi de 2005 d\u00e9cevants sur l\u2019accessibilit\u00e9 en particulier concernant les lieux de travail, les commerces de proximit\u00e9, les transports publics. Le taux de ch\u00f4mage des personnes en situation de handicap demeure pr\u00e8s du double de celui de la population active.<\/span><\/p>\n<p align=\"justify\"><span style=\"font-family: Calibri, sans-serif;\">La France a \u00e9t\u00e9 condamn\u00e9e en septembre 2021 par le comit\u00e9 des droits des personnes handicap\u00e9es de l\u2019ONU lors de l\u2019examen p\u00e9riodique de ses politiques du handicap au prisme de la Convention internationale\u00a0!<\/span><\/p>\n<p align=\"justify\"><span style=\"font-family: Calibri, sans-serif;\">Pour le PCF, les personnes handicap\u00e9es doivent acc\u00e9der \u00e0 l\u2019ensemble de leurs droits fondamentaux, dont celui \u00e0 une vie autonome, gr\u00e2ce \u00e0 un service public de la vie autonome et de l\u2019accompagnement tout au long de la vie. Elles doivent \u00e9galement avoir acc\u00e8s \u00e0 l\u2019ensemble des services publics que nous d\u00e9fendons, dans des conditions d\u2019\u00e9galit\u00e9 : \u00e9ducation, transports, service public de l\u2019emploi, sant\u00e9, culture, sport, loisirs\u2026<\/span><\/p>\n<p align=\"justify\"><span style=\"font-family: Calibri, sans-serif;\">L\u2019acc\u00e8s \u00e0 la culture et aux pratiques culturelles et artistiques est en effet un droit primordial car facteur d\u2019\u00e9mancipation. Yannick Monnet, d\u00e9put\u00e9 PCF, vient d\u2019ailleurs de d\u00e9poser un rapport d\u2019information \u00e9difiant sur l\u2019acc\u00e8s \u00e0 la culture des personnes handicap\u00e9es, proposant des avanc\u00e9es concr\u00e8tes.<\/span><\/p>\n<p align=\"justify\"><span style=\"font-family: Calibri, sans-serif;\">Le PCF a tenu cette semaine une initiative nationale pour l&rsquo;\u00e9galit\u00e9 r\u00e9elle des personnes handicap\u00e9es sous la pr\u00e9sidence de Michelle Demessine, s\u00e9natrice honoraire. Il soutient la demande des associations d&rsquo;inscrire symboliquement l&rsquo;accessibilit\u00e9 universelle dans la Constitution. L&rsquo;accueil des personnes handicap\u00e9es repose beaucoup sur les associations qui vivent aussi gr\u00e2ce aux subventions des collectivit\u00e9s. Mais avec l&rsquo;aust\u00e9rit\u00e9 implacable, de nombreuses structures sont menac\u00e9es.<\/span><\/p>\n","protected":false},"excerpt":{"rendered":"<p>La France vient de f\u00eater les 20 ans de la loi affirmant le droit des personnes en situation de handicap \u00e0 exister pleinement dans notre soci\u00e9t\u00e9, en tant que citoyennes et citoyens. Cet \u00e9t\u00e9, les jeux paraolymiques ont mis en valeur les athl\u00e8tes en situation de handicap. Et pourtant, que la situation concr\u00e8te reste compliqu\u00e9e\u00a0: [&hellip;]<\/p>\n","protected":false},"author":4,"featured_media":0,"comment_status":"closed","ping_status":"open","sticky":false,"template":"","format":"standard","meta":{"saved_in_kubio":false,"footnotes":""},"categories":[1],"tags":[],"class_list":["post-3192","post","type-post","status-publish","format-standard","hentry","category-non-classe"],"_links":{"self":[{"href":"https:\/\/pcf08.com\/index.php\/wp-json\/wp\/v2\/posts\/3192","targetHints":{"allow":["GET"]}}],"collection":[{"href":"https:\/\/pcf08.com\/index.php\/wp-json\/wp\/v2\/posts"}],"about":[{"href":"https:\/\/pcf08.com\/index.php\/wp-json\/wp\/v2\/types\/post"}],"author":[{"embeddable":true,"href":"https:\/\/pcf08.com\/index.php\/wp-json\/wp\/v2\/users\/4"}],"replies":[{"embeddable":true,"href":"https:\/\/pcf08.com\/index.php\/wp-json\/wp\/v2\/comments?post=3192"}],"version-history":[{"count":1,"href":"https:\/\/pcf08.com\/index.php\/wp-json\/wp\/v2\/posts\/3192\/revisions"}],"predecessor-version":[{"id":3194,"href":"https:\/\/pcf08.com\/index.php\/wp-json\/wp\/v2\/posts\/3192\/revisions\/3194"}],"wp:attachment":[{"href":"https:\/\/pcf08.com\/index.php\/wp-json\/wp\/v2\/media?parent=3192"}],"wp:term":[{"taxonomy":"category","embeddable":true,"href":"https:\/\/pcf08.com\/index.php\/wp-json\/wp\/v2\/categories?post=3192"},{"taxonomy":"post_tag","embeddable":true,"href":"https:\/\/pcf08.com\/index.php\/wp-json\/wp\/v2\/tags?post=3192"}],"curies":[{"name":"wp","href":"https:\/\/api.w.org\/{rel}","templated":true}]}}