{"id":3189,"date":"2025-02-13T09:13:42","date_gmt":"2025-02-13T08:13:42","guid":{"rendered":"https:\/\/pcf08.com\/?p=3189"},"modified":"2025-02-13T09:13:42","modified_gmt":"2025-02-13T08:13:42","slug":"lheure-est-a-la-mobilisation","status":"publish","type":"post","link":"https:\/\/pcf08.com\/index.php\/2025\/02\/13\/lheure-est-a-la-mobilisation\/","title":{"rendered":"L\u2019heure est \u00e0 la mobilisation\u00a0!"},"content":{"rendered":"<p align=\"justify\"><span style=\"font-family: Calibri, sans-serif;\"><img loading=\"lazy\" decoding=\"async\" class=\"size-medium wp-image-3190 alignleft\" src=\"https:\/\/pcf08.com\/wp-content\/uploads\/2025\/02\/pompiers-2-300x225.jpg\" alt=\"\" width=\"300\" height=\"225\" srcset=\"https:\/\/pcf08.com\/wp-content\/uploads\/2025\/02\/pompiers-2-300x225.jpg 300w, https:\/\/pcf08.com\/wp-content\/uploads\/2025\/02\/pompiers-2-1024x768.jpg 1024w, https:\/\/pcf08.com\/wp-content\/uploads\/2025\/02\/pompiers-2-768x576.jpg 768w, https:\/\/pcf08.com\/wp-content\/uploads\/2025\/02\/pompiers-2-1536x1152.jpg 1536w, https:\/\/pcf08.com\/wp-content\/uploads\/2025\/02\/pompiers-2.jpg 2048w\" sizes=\"(max-width: 300px) 100vw, 300px\" \/>C\u2019est le pire budget que la France peut avoir, valid\u00e9 \u00e0 coups de 49.3. Il n\u2019y a rien \u00e0 attendre de bon de ce gouvernement dont le Premier ministre reprend les th\u00e8ses de l\u2019extr\u00eame droite en parlant de sentiment de submersion migratoire.<\/span><\/p>\n<p align=\"justify\"><span style=\"font-family: Calibri, sans-serif;\">L\u2019heure n\u2019est pas aux querelles de pouvoir\u00a0: la gauche divis\u00e9e par LFI a perdu les \u00e9lections municipales de Villeneuve Saint Georges\u00a0! L\u2019heure est au rassemblement de tous les progressistes, dans le respect de leur diversit\u00e9. Les motions de censure ne sont pas une fin en soi. Ce qui compte, c\u2019est ce qu\u2019attend notre peuple\u00a0: vivre mieux, avec un revenu permettant de vivre d\u00e9cemment, avec des services publics\u00a0: \u00e9cole, h\u00f4pital \u2026 . Face aux fausses solutions d\u2019un Rassemblement National, roue de secours du capitalisme \u2013 n\u2019a-t-il pas refus\u00e9 toute augmentation des imp\u00f4ts sur les plus riches, sur les entreprises du CAC 40\u00a0? \u2013 l\u2019heure est \u00e0 contribuer \u00e0 la lev\u00e9e de notre peuple pour une soci\u00e9t\u00e9 plus solidaire, plus respectueuse de l\u2019environnement \u00e0 travers toutes les luttes locales ou plus globales des syndicats, des associations.<\/span><\/p>\n<p align=\"justify\"><span style=\"font-family: Calibri, sans-serif;\">Le gouvernement sabre dans les services publics, les dotations aux collectivit\u00e9s\u00a0: saluons la mobilisation des pompiers ardennais pour avoir les moyens de leur but\u00a0: pouvoir secourir correctement la population.<\/span><\/p>\n<p align=\"justify\"><span style=\"font-family: Calibri, sans-serif;\">Le gouvernement poursuit ses politiques d\u2019exon\u00e9rations fiscales et sociales et refuse toute piste d\u2019\u00e9conomie dans ce domaine. Le statut encore plus avantageux des Ardennes est reconduit avec le BER (bassin d\u2019emploi \u00e0 redynamiser). Cela n\u2019emp\u00eache pas des catastrophes comme \u00e0 Walor\u00a0!<\/span><\/p>\n<p align=\"justify\"><span style=\"font-family: Calibri, sans-serif;\">E. Macron parle de souverainet\u00e9 de la France dans le domaine de l\u2019intelligence artificielle tout en annon\u00e7ant des investissements dont la moiti\u00e9 repose sur deux fonds, MGX \u00e0 base \u00e9mirati et Brookfield \u00e0 base canadienne, qui investiront uniquement dans la cr\u00e9ation de data centers, avant tout dans une logique financi\u00e8re au service du capital et non industrielle tandis que des coupes budg\u00e9taires sont faites dans l&rsquo;enseignement sup\u00e9rieur et la recherche. Et laissera-t-il Arcelor Mittal fragiliser la sid\u00e9rurgie fran\u00e7aise en d\u00e9pla\u00e7ant toutes ses fonctions support en Inde\u00a0? Si un site comme Mouzon, du fait de ses fabrications sp\u00e9cifiques, n\u2019est \u00e0 priori pas menac\u00e9 dans l\u2019imm\u00e9diat, bien qu\u2019il tourne au ralenti, la d\u00e9pendance est inqui\u00e9tante. Apr\u00e8s une rencontre avec la f\u00e9d\u00e9ration de la m\u00e9tallurgie CGT lundi, Fabien Roussel demandait \u00e0 ce que la nationalisation d&rsquo;ArcelorMittal soit \u00e9tudi\u00e9e comme un moyen de maintenir un appareil productif strat\u00e9gique dans notre pays.<\/span><\/p>\n<p align=\"right\"><span style=\"font-family: Calibri, sans-serif;\">Mich\u00e8le Leflon<\/span><\/p>\n","protected":false},"excerpt":{"rendered":"<p>C\u2019est le pire budget que la France peut avoir, valid\u00e9 \u00e0 coups de 49.3. Il n\u2019y a rien \u00e0 attendre de bon de ce gouvernement dont le Premier ministre reprend les th\u00e8ses de l\u2019extr\u00eame droite en parlant de sentiment de submersion migratoire. L\u2019heure n\u2019est pas aux querelles de pouvoir\u00a0: la gauche divis\u00e9e par LFI a [&hellip;]<\/p>\n","protected":false},"author":4,"featured_media":0,"comment_status":"closed","ping_status":"open","sticky":false,"template":"","format":"standard","meta":{"saved_in_kubio":false,"footnotes":""},"categories":[1],"tags":[],"class_list":["post-3189","post","type-post","status-publish","format-standard","hentry","category-non-classe"],"_links":{"self":[{"href":"https:\/\/pcf08.com\/index.php\/wp-json\/wp\/v2\/posts\/3189","targetHints":{"allow":["GET"]}}],"collection":[{"href":"https:\/\/pcf08.com\/index.php\/wp-json\/wp\/v2\/posts"}],"about":[{"href":"https:\/\/pcf08.com\/index.php\/wp-json\/wp\/v2\/types\/post"}],"author":[{"embeddable":true,"href":"https:\/\/pcf08.com\/index.php\/wp-json\/wp\/v2\/users\/4"}],"replies":[{"embeddable":true,"href":"https:\/\/pcf08.com\/index.php\/wp-json\/wp\/v2\/comments?post=3189"}],"version-history":[{"count":1,"href":"https:\/\/pcf08.com\/index.php\/wp-json\/wp\/v2\/posts\/3189\/revisions"}],"predecessor-version":[{"id":3191,"href":"https:\/\/pcf08.com\/index.php\/wp-json\/wp\/v2\/posts\/3189\/revisions\/3191"}],"wp:attachment":[{"href":"https:\/\/pcf08.com\/index.php\/wp-json\/wp\/v2\/media?parent=3189"}],"wp:term":[{"taxonomy":"category","embeddable":true,"href":"https:\/\/pcf08.com\/index.php\/wp-json\/wp\/v2\/categories?post=3189"},{"taxonomy":"post_tag","embeddable":true,"href":"https:\/\/pcf08.com\/index.php\/wp-json\/wp\/v2\/tags?post=3189"}],"curies":[{"name":"wp","href":"https:\/\/api.w.org\/{rel}","templated":true}]}}