{"id":3185,"date":"2025-02-06T11:23:58","date_gmt":"2025-02-06T10:23:58","guid":{"rendered":"https:\/\/pcf08.com\/?p=3185"},"modified":"2025-02-06T11:23:58","modified_gmt":"2025-02-06T10:23:58","slug":"respecter-le-ppri-nest-pas-une-attitude-de-voyou","status":"publish","type":"post","link":"https:\/\/pcf08.com\/index.php\/2025\/02\/06\/respecter-le-ppri-nest-pas-une-attitude-de-voyou\/","title":{"rendered":"Respecter le PPRI n\u2019est pas une attitude de voyou !"},"content":{"rendered":"<p><img loading=\"lazy\" decoding=\"async\" class=\"size-medium wp-image-3187 alignleft\" src=\"https:\/\/pcf08.com\/wp-content\/uploads\/2025\/02\/ppri-300x252.jpg\" alt=\"\" width=\"300\" height=\"252\" srcset=\"https:\/\/pcf08.com\/wp-content\/uploads\/2025\/02\/ppri-300x252.jpg 300w, https:\/\/pcf08.com\/wp-content\/uploads\/2025\/02\/ppri.jpg 600w\" sizes=\"(max-width: 300px) 100vw, 300px\" \/>A l\u2019occasion de la s\u00e9ance du 28 janvier du conseil communautaire la question sur la situation d\u2019Ardenne M\u00e9tropole en mati\u00e8re de d\u00e9veloppement durable \u00e9tait \u00e0 l\u2019ordre du jour. Sur ce dossier particuli\u00e8rement sensible je suis intervenu pour rappeler les obligations de la collectivit\u00e9. J\u2019ai notamment abord\u00e9 le cycle de l\u2019eau et des potentiels inondations sur notre territoire compos\u00e9 de 57 communes et de 122 000 habitants, quasiment la moiti\u00e9 de la population des Ardennes.<br \/>\nEn la mati\u00e8re le respect du Plan de pr\u00e9vention des risques d\u2019inondations ( PPRI) qui \u00e9tablit des contraintes, notamment les constructions, sur les zones concern\u00e9es. Les travaux r\u00e9alis\u00e9s sur la Meuse depuis 1995 ont permis d\u2019\u00e9viter les inondations \u00e0 Charleville-M\u00e9zi\u00e8res. Le respect du PPRI est une n\u00e9cessit\u00e9 qui fait partie de diff\u00e9rentes contraintes \u00e0 appliquer.<br \/>\nSur ces aspects il convient de bien respecter les contraintes \u00e9dit\u00e9es par le PPRI. Ce qui n\u2019est pas totalement le cas sur la ville chef lieu. D\u00e9j\u00e0 \u00e0 l\u2019\u00e9poque de Louis Auboin des constructions ont \u00e9t\u00e9 r\u00e9alis\u00e9es en zones inondables comme la r\u00e9alisation du centre aquatique au Mont Olympe. R\u00e9cemment ce sont les travaux r\u00e9alis\u00e9s sur le site de l\u2019usine Deville. Ces r\u00e9alisations \u00e9tant permises par une modification du PPRI d\u00e9cid\u00e9e par le Pr\u00e9fet. Se sentant particuli\u00e8rement vis\u00e9 par cette intervention le pr\u00e9sident d\u2019Ardenne M\u00e9tropole, B. Ravignon a mordu le trait en me qualifiant de voyou sans r\u00e9pondre sur le fond \u00e0 la question. Cette d\u00e9claration choquante et contraire au d\u00e9bat d\u00e9mocratique est une preuve d\u2019intol\u00e9rances de la droite.<br \/>\nSylvain DALLA ROSA<\/p>\n","protected":false},"excerpt":{"rendered":"<p>A l\u2019occasion de la s\u00e9ance du 28 janvier du conseil communautaire la question sur la situation d\u2019Ardenne M\u00e9tropole en mati\u00e8re de d\u00e9veloppement durable \u00e9tait \u00e0 l\u2019ordre du jour. Sur ce dossier particuli\u00e8rement sensible je suis intervenu pour rappeler les obligations de la collectivit\u00e9. J\u2019ai notamment abord\u00e9 le cycle de l\u2019eau et des potentiels inondations sur [&hellip;]<\/p>\n","protected":false},"author":4,"featured_media":0,"comment_status":"closed","ping_status":"open","sticky":false,"template":"","format":"standard","meta":{"saved_in_kubio":false,"footnotes":""},"categories":[1],"tags":[],"class_list":["post-3185","post","type-post","status-publish","format-standard","hentry","category-non-classe"],"_links":{"self":[{"href":"https:\/\/pcf08.com\/index.php\/wp-json\/wp\/v2\/posts\/3185","targetHints":{"allow":["GET"]}}],"collection":[{"href":"https:\/\/pcf08.com\/index.php\/wp-json\/wp\/v2\/posts"}],"about":[{"href":"https:\/\/pcf08.com\/index.php\/wp-json\/wp\/v2\/types\/post"}],"author":[{"embeddable":true,"href":"https:\/\/pcf08.com\/index.php\/wp-json\/wp\/v2\/users\/4"}],"replies":[{"embeddable":true,"href":"https:\/\/pcf08.com\/index.php\/wp-json\/wp\/v2\/comments?post=3185"}],"version-history":[{"count":1,"href":"https:\/\/pcf08.com\/index.php\/wp-json\/wp\/v2\/posts\/3185\/revisions"}],"predecessor-version":[{"id":3188,"href":"https:\/\/pcf08.com\/index.php\/wp-json\/wp\/v2\/posts\/3185\/revisions\/3188"}],"wp:attachment":[{"href":"https:\/\/pcf08.com\/index.php\/wp-json\/wp\/v2\/media?parent=3185"}],"wp:term":[{"taxonomy":"category","embeddable":true,"href":"https:\/\/pcf08.com\/index.php\/wp-json\/wp\/v2\/categories?post=3185"},{"taxonomy":"post_tag","embeddable":true,"href":"https:\/\/pcf08.com\/index.php\/wp-json\/wp\/v2\/tags?post=3185"}],"curies":[{"name":"wp","href":"https:\/\/api.w.org\/{rel}","templated":true}]}}