{"id":3176,"date":"2025-02-06T11:15:17","date_gmt":"2025-02-06T10:15:17","guid":{"rendered":"https:\/\/pcf08.com\/?p=3176"},"modified":"2025-02-06T11:15:17","modified_gmt":"2025-02-06T10:15:17","slug":"encore-des-49-3","status":"publish","type":"post","link":"https:\/\/pcf08.com\/index.php\/2025\/02\/06\/encore-des-49-3\/","title":{"rendered":"Encore des 49.3\u00a0!"},"content":{"rendered":"<p align=\"justify\"><span style=\"font-family: Calibri, sans-serif;\"><span style=\"font-size: medium;\"><img loading=\"lazy\" decoding=\"async\" class=\"size-medium wp-image-3177 alignleft\" src=\"https:\/\/pcf08.com\/wp-content\/uploads\/2025\/02\/49.3-300x212.jpg\" alt=\"\" width=\"300\" height=\"212\" srcset=\"https:\/\/pcf08.com\/wp-content\/uploads\/2025\/02\/49.3-300x212.jpg 300w, https:\/\/pcf08.com\/wp-content\/uploads\/2025\/02\/49.3-1024x724.jpg 1024w, https:\/\/pcf08.com\/wp-content\/uploads\/2025\/02\/49.3-768x543.jpg 768w, https:\/\/pcf08.com\/wp-content\/uploads\/2025\/02\/49.3.jpg 1035w\" sizes=\"(max-width: 300px) 100vw, 300px\" \/>Las, une fois de plus durant ce quinquennat Macron, le gouvernement a utilis\u00e9 le 49.3 pour faire passer de force ses r\u00e9formes. Le budget de <\/span><span style=\"font-size: medium;\">l\u2019\u00c9tat<\/span><span style=\"font-size: medium;\"> est donc ent\u00e9rin\u00e9 pour la nouvelle ann\u00e9e \u00e0 coup de forcing au 49.3. Cela traduit un m\u00e9pris pour les repr\u00e9sentants du peuple, de l&rsquo;Assembl\u00e9e nationale et du S\u00e9nat, qui ne sont m\u00eame plus consult\u00e9s. <\/span><\/span><\/p>\n<p align=\"justify\"><span style=\"font-family: Calibri, sans-serif;\">Andr\u00e9 Chassaigne, d\u00e9put\u00e9 communiste de l&rsquo;Allier, a d\u00e9nonc\u00e9 hier ce d\u00e9ni d\u00e9mocratique. Il affirme\u00a0: \u00ab\u00a0Ce budget est pire que le pr\u00e9c\u00e9dent. Il est honteux qu&rsquo;on oblige des d\u00e9put\u00e9s comme nous \u00e0 voter la censure pour pouvoir s&rsquo;exprimer, parce qu&rsquo;on leur a retir\u00e9 toute prise sur le budget.\u00a0\u00bb.<\/span><\/p>\n<p align=\"justify\"><span style=\"font-family: Calibri, sans-serif;\">A l&rsquo;heure o\u00f9 l&rsquo;extr\u00eame-droite prosp\u00e8re \u00e0 travers le monde, apr\u00e8s l&rsquo;\u00e9lection de Trump qui multiplie d\u00e9j\u00e0 les mesures absurdes, antisociales et inhumaines, il est urgent que notre d\u00e9mocratie puisse s&rsquo;exercer pleinement. <\/span><\/p>\n<p align=\"justify\"><span style=\"font-family: Calibri, sans-serif;\">Nous avons tous collectivement cette responsabilit\u00e9 de faire vivre notre d\u00e9mocratie pour endiguer la mont\u00e9e de l&rsquo;extr\u00eame-droite. On le voit en Allemagne, o\u00f9 la population se mobilise dans les rues depuis quelques jours contre l&rsquo;extr\u00eame-droite, de Hambourg \u00e0 l&rsquo;Ouest, \u00e0 Leipzig \u00e0 l&rsquo;Est en passant par des manifestations immenses \u00e0 Berlin\u00a0: comme en Allemagne, nous en avons assez des politiques antisociales qui collaborent avec l&rsquo;extr\u00eame-droite au m\u00e9pris de la repr\u00e9sentation nationale, des populistes en politique qui montent les gens les uns contre les autres.<\/span><\/p>\n<p align=\"justify\"><span style=\"font-family: Calibri, sans-serif;\">Ici comme ailleurs, nous nous mobilisons pour la d\u00e9mocratie et la justice sociale.<\/span><\/p>\n<p align=\"right\"><span style=\"font-family: Calibri, sans-serif;\">Ir\u00e8ne PERRIN TOININ<\/span><\/p>\n<p align=\"right\"><span style=\"font-family: Calibri, sans-serif;\">Secr\u00e9taire de section du PCF de Charleville-M\u00e9zi\u00e8res<\/span><\/p>\n","protected":false},"excerpt":{"rendered":"<p>Las, une fois de plus durant ce quinquennat Macron, le gouvernement a utilis\u00e9 le 49.3 pour faire passer de force ses r\u00e9formes. Le budget de l\u2019\u00c9tat est donc ent\u00e9rin\u00e9 pour la nouvelle ann\u00e9e \u00e0 coup de forcing au 49.3. Cela traduit un m\u00e9pris pour les repr\u00e9sentants du peuple, de l&rsquo;Assembl\u00e9e nationale et du S\u00e9nat, qui [&hellip;]<\/p>\n","protected":false},"author":4,"featured_media":0,"comment_status":"closed","ping_status":"open","sticky":false,"template":"","format":"standard","meta":{"saved_in_kubio":false,"footnotes":""},"categories":[1],"tags":[],"class_list":["post-3176","post","type-post","status-publish","format-standard","hentry","category-non-classe"],"_links":{"self":[{"href":"https:\/\/pcf08.com\/index.php\/wp-json\/wp\/v2\/posts\/3176","targetHints":{"allow":["GET"]}}],"collection":[{"href":"https:\/\/pcf08.com\/index.php\/wp-json\/wp\/v2\/posts"}],"about":[{"href":"https:\/\/pcf08.com\/index.php\/wp-json\/wp\/v2\/types\/post"}],"author":[{"embeddable":true,"href":"https:\/\/pcf08.com\/index.php\/wp-json\/wp\/v2\/users\/4"}],"replies":[{"embeddable":true,"href":"https:\/\/pcf08.com\/index.php\/wp-json\/wp\/v2\/comments?post=3176"}],"version-history":[{"count":1,"href":"https:\/\/pcf08.com\/index.php\/wp-json\/wp\/v2\/posts\/3176\/revisions"}],"predecessor-version":[{"id":3178,"href":"https:\/\/pcf08.com\/index.php\/wp-json\/wp\/v2\/posts\/3176\/revisions\/3178"}],"wp:attachment":[{"href":"https:\/\/pcf08.com\/index.php\/wp-json\/wp\/v2\/media?parent=3176"}],"wp:term":[{"taxonomy":"category","embeddable":true,"href":"https:\/\/pcf08.com\/index.php\/wp-json\/wp\/v2\/categories?post=3176"},{"taxonomy":"post_tag","embeddable":true,"href":"https:\/\/pcf08.com\/index.php\/wp-json\/wp\/v2\/tags?post=3176"}],"curies":[{"name":"wp","href":"https:\/\/api.w.org\/{rel}","templated":true}]}}