{"id":3170,"date":"2025-01-30T09:22:21","date_gmt":"2025-01-30T08:22:21","guid":{"rendered":"https:\/\/pcf08.com\/?p=3170"},"modified":"2025-01-30T09:22:21","modified_gmt":"2025-01-30T08:22:21","slug":"la-grande-misere-des-hopitaux-publics","status":"publish","type":"post","link":"https:\/\/pcf08.com\/index.php\/2025\/01\/30\/la-grande-misere-des-hopitaux-publics\/","title":{"rendered":"La grande mis\u00e8re des h\u00f4pitaux publics"},"content":{"rendered":"<p align=\"justify\"><span style=\"font-family: Calibri, sans-serif;\"><img loading=\"lazy\" decoding=\"async\" class=\"size-full wp-image-3171 alignleft\" src=\"https:\/\/pcf08.com\/wp-content\/uploads\/2025\/01\/hopital-copie-1.jpg\" alt=\"\" width=\"300\" height=\"225\" \/>La semaine derni\u00e8re une proposition de loi du groupe socialiste a \u00e9t\u00e9 adopt\u00e9e d\u00e9finitivement visant \u00e0 instaurer un nombre minimum de soignants par malade dans les h\u00f4pitaux publics. Cette proposition avait pr\u00e9c\u00e9demment \u00e9t\u00e9 adopt\u00e9e par la droite s\u00e9natoriale, c\u2019est dire \u00e0 quel point elle n\u2019est pas r\u00e9volutionnaire. Et on a vu des d\u00e9put\u00e9s socialistes ou France Insoumise s\u2019enflammer pour dire que cela correspondait \u00e0 l\u2019attente de tous les soignants\u00a0! Sauf que pour eux, les soignants se r\u00e9sument \u00e0 ceux qui ont fait le plus de lobbying pour cette proposition de loi, inspir\u00e9e par des professeurs de l\u2019APHP \u2026 qui esp\u00e8rent bien pour leurs services avoir le personnel n\u00e9cessaire, quitte \u00e0 d\u00e9munir d\u2019autres services ou h\u00f4pitaux. Car dans leur majorit\u00e9, les soignants savent que l\u2019h\u00f4pital public est l\u00e0 pour r\u00e9pondre aux besoins de la population, que cela ne peut \u00eatre rationn\u00e9 et qu\u2019il faut avant tout former plus de soignants\u00a0! Puisse cette loi \u00eatre au moins un facilitateur de mobilisations\u00a0!<\/span><\/p>\n<p align=\"justify\"><span style=\"font-family: Calibri, sans-serif;\">Dans les Ardennes, le directeur de l\u2019h\u00f4pital fait appel au m\u00e9c\u00e9nat pour financer l\u2019\u00e9quipement du futur p\u00f4le de canc\u00e9rologie. <\/span><\/p>\n<p align=\"justify\"><span style=\"font-family: Calibri, sans-serif;\">Ce serait d\u2019ailleurs bien que la clart\u00e9 soit faite sur le fonctionnement ult\u00e9rieur de cet oncopole : sera-t-il public ou avec des partenariats public priv\u00e9 dont on sait qu&rsquo;ils g\u00e9n\u00e8rent des d\u00e9penses suppl\u00e9mentaires pour la S\u00e9curit\u00e9 Sociale et des d\u00e9passements d\u2019honoraires et autres frais pour les malades ?<\/span><\/p>\n<p align=\"justify\"><span style=\"font-family: Calibri, sans-serif;\">Au moment o\u00f9 le parlement d\u00e9bat du projet de loi de financement de la S\u00e9curit\u00e9 Sociale pour 2025, fait d&rsquo;\u00e9conomies, cet appel montre le d\u00e9nuement de nos h\u00f4pitaux ! Et le gouvernement persiste \u00e0 refuser de faire cotiser les profits des entreprises, \u00e0 pr\u00e9f\u00e9rer faire des cadeaux au patronat\u00a0! Et pourtant quelle responsabilit\u00e9 ce dernier a\u00a0! Le directeur de l\u2019h\u00f4pital rappelle que le taux de cancer est particuli\u00e8rement \u00e9lev\u00e9 dans notre d\u00e9partement. Ce ne serait quand m\u00eame pas anormal que par exemple des donneurs d\u2019ordre de l\u2019automobile participent au financement de la S\u00e9curit\u00e9 Sociale. La pression mise sur leurs sous-traitants dans les Ardennes a contribu\u00e9 \u00e0 ce taux de cancer\u00a0: l\u2019amiante \u2026.<\/span><\/p>\n<p align=\"right\"><span style=\"font-family: Calibri, sans-serif;\">Mich\u00e8le LEFLON<\/span><\/p>\n","protected":false},"excerpt":{"rendered":"<p>La semaine derni\u00e8re une proposition de loi du groupe socialiste a \u00e9t\u00e9 adopt\u00e9e d\u00e9finitivement visant \u00e0 instaurer un nombre minimum de soignants par malade dans les h\u00f4pitaux publics. Cette proposition avait pr\u00e9c\u00e9demment \u00e9t\u00e9 adopt\u00e9e par la droite s\u00e9natoriale, c\u2019est dire \u00e0 quel point elle n\u2019est pas r\u00e9volutionnaire. Et on a vu des d\u00e9put\u00e9s socialistes ou [&hellip;]<\/p>\n","protected":false},"author":4,"featured_media":0,"comment_status":"closed","ping_status":"open","sticky":false,"template":"","format":"standard","meta":{"saved_in_kubio":false,"footnotes":""},"categories":[1],"tags":[],"class_list":["post-3170","post","type-post","status-publish","format-standard","hentry","category-non-classe"],"_links":{"self":[{"href":"https:\/\/pcf08.com\/index.php\/wp-json\/wp\/v2\/posts\/3170","targetHints":{"allow":["GET"]}}],"collection":[{"href":"https:\/\/pcf08.com\/index.php\/wp-json\/wp\/v2\/posts"}],"about":[{"href":"https:\/\/pcf08.com\/index.php\/wp-json\/wp\/v2\/types\/post"}],"author":[{"embeddable":true,"href":"https:\/\/pcf08.com\/index.php\/wp-json\/wp\/v2\/users\/4"}],"replies":[{"embeddable":true,"href":"https:\/\/pcf08.com\/index.php\/wp-json\/wp\/v2\/comments?post=3170"}],"version-history":[{"count":1,"href":"https:\/\/pcf08.com\/index.php\/wp-json\/wp\/v2\/posts\/3170\/revisions"}],"predecessor-version":[{"id":3172,"href":"https:\/\/pcf08.com\/index.php\/wp-json\/wp\/v2\/posts\/3170\/revisions\/3172"}],"wp:attachment":[{"href":"https:\/\/pcf08.com\/index.php\/wp-json\/wp\/v2\/media?parent=3170"}],"wp:term":[{"taxonomy":"category","embeddable":true,"href":"https:\/\/pcf08.com\/index.php\/wp-json\/wp\/v2\/categories?post=3170"},{"taxonomy":"post_tag","embeddable":true,"href":"https:\/\/pcf08.com\/index.php\/wp-json\/wp\/v2\/tags?post=3170"}],"curies":[{"name":"wp","href":"https:\/\/api.w.org\/{rel}","templated":true}]}}