{"id":3149,"date":"2025-01-23T11:54:07","date_gmt":"2025-01-23T10:54:07","guid":{"rendered":"https:\/\/pcf08.com\/?p=3149"},"modified":"2025-01-23T11:54:07","modified_gmt":"2025-01-23T10:54:07","slug":"drole-de-semaine","status":"publish","type":"post","link":"https:\/\/pcf08.com\/index.php\/2025\/01\/23\/drole-de-semaine\/","title":{"rendered":"Dr\u00f4le de semaine\u00a0!"},"content":{"rendered":"<p align=\"justify\"><span style=\"font-family: Calibri, sans-serif;\"><img loading=\"lazy\" decoding=\"async\" class=\"size-medium wp-image-3150 alignleft\" src=\"https:\/\/pcf08.com\/wp-content\/uploads\/2025\/01\/edito-18-188x300.jpg\" alt=\"\" width=\"188\" height=\"300\" srcset=\"https:\/\/pcf08.com\/wp-content\/uploads\/2025\/01\/edito-18-188x300.jpg 188w, https:\/\/pcf08.com\/wp-content\/uploads\/2025\/01\/edito-18.jpg 359w\" sizes=\"(max-width: 188px) 100vw, 188px\" \/>C\u2019\u00e9tait les 50 ans de la loi Veil l\u00e9galisant l\u2019IVG et l\u2019investiture de D. Trump aux Etats-Unis.<\/span><\/p>\n<p align=\"justify\"><span style=\"font-family: Calibri, sans-serif;\">La loi Veil, c\u2019est l\u2019histoire maintenant, direz vous. Pas tant que cela, car le combat pour que les femmes aient le droit de disposer de leur corps est toujours d\u2019actualit\u00e9 et de nombreux pays interdissent encore l\u2019IVG. En constitutionnalisant le droit \u00e0 l\u2019avortement en mars dernier, un nouveau pas a \u00e9t\u00e9 fait dans notre pays, un frein suppl\u00e9mentaire \u00e0 un retour en arri\u00e8re. Les parlementaires communistes ont jou\u00e9 un r\u00f4le majeur\u00a0: Gis\u00e8le Moreau, il y a 50 ans, une des rares femmes d\u00e9put\u00e9es de l\u2019\u00e9poque, Laurence Cohen au S\u00e9nat, qui a men\u00e9 la bagarre pour la constitutionnalisation.<\/span><\/p>\n<p align=\"justify\"><span style=\"font-family: Calibri, sans-serif;\">Le droit \u00e0 l\u2019IVG est le symbole d\u2019une soci\u00e9t\u00e9 ouverte au progr\u00e8s humain. Aux Etats Unis, des \u00e9tats ont interdit l\u2019IVG. La victoire de D. Trump laisse craindre une g\u00e9n\u00e9ralisation. L\u2019investiture du 47\u00e8me pr\u00e9sident des Etats Unis, en pr\u00e9sence des dirigeants des principales forces d\u2019extr\u00eame-droite et des grandes fortunes de la plan\u00e8te, a \u00e9t\u00e9 suivie d\u2019un discours violent, nationaliste, raciste. Sur la base d\u2019une id\u00e9ologie libertarienne et d&rsquo;un identitarisme d&rsquo;extr\u00eame-droite, la nouvelle administration am\u00e9ricaine entend rompre avec le cadre d\u00e9mocratique, et d\u00e9ployer partout ses logiques de forces. Le PCF lance un appel aux forces communistes et de la gauche europ\u00e9enne pour prendre la mesure de la gravit\u00e9 des enjeux de ce nouveau moment historique et construire ensemble une alternative de paix et de progr\u00e8s en Europe.<\/span><\/p>\n<p align=\"right\"><span style=\"font-family: Calibri, sans-serif;\">Mich\u00e8le LEFLON<\/span><\/p>\n","protected":false},"excerpt":{"rendered":"<p>C\u2019\u00e9tait les 50 ans de la loi Veil l\u00e9galisant l\u2019IVG et l\u2019investiture de D. Trump aux Etats-Unis. La loi Veil, c\u2019est l\u2019histoire maintenant, direz vous. Pas tant que cela, car le combat pour que les femmes aient le droit de disposer de leur corps est toujours d\u2019actualit\u00e9 et de nombreux pays interdissent encore l\u2019IVG. En [&hellip;]<\/p>\n","protected":false},"author":4,"featured_media":0,"comment_status":"closed","ping_status":"open","sticky":false,"template":"","format":"standard","meta":{"saved_in_kubio":false,"footnotes":""},"categories":[1],"tags":[],"class_list":["post-3149","post","type-post","status-publish","format-standard","hentry","category-non-classe"],"_links":{"self":[{"href":"https:\/\/pcf08.com\/index.php\/wp-json\/wp\/v2\/posts\/3149","targetHints":{"allow":["GET"]}}],"collection":[{"href":"https:\/\/pcf08.com\/index.php\/wp-json\/wp\/v2\/posts"}],"about":[{"href":"https:\/\/pcf08.com\/index.php\/wp-json\/wp\/v2\/types\/post"}],"author":[{"embeddable":true,"href":"https:\/\/pcf08.com\/index.php\/wp-json\/wp\/v2\/users\/4"}],"replies":[{"embeddable":true,"href":"https:\/\/pcf08.com\/index.php\/wp-json\/wp\/v2\/comments?post=3149"}],"version-history":[{"count":1,"href":"https:\/\/pcf08.com\/index.php\/wp-json\/wp\/v2\/posts\/3149\/revisions"}],"predecessor-version":[{"id":3151,"href":"https:\/\/pcf08.com\/index.php\/wp-json\/wp\/v2\/posts\/3149\/revisions\/3151"}],"wp:attachment":[{"href":"https:\/\/pcf08.com\/index.php\/wp-json\/wp\/v2\/media?parent=3149"}],"wp:term":[{"taxonomy":"category","embeddable":true,"href":"https:\/\/pcf08.com\/index.php\/wp-json\/wp\/v2\/categories?post=3149"},{"taxonomy":"post_tag","embeddable":true,"href":"https:\/\/pcf08.com\/index.php\/wp-json\/wp\/v2\/tags?post=3149"}],"curies":[{"name":"wp","href":"https:\/\/api.w.org\/{rel}","templated":true}]}}