{"id":3142,"date":"2025-01-16T09:55:15","date_gmt":"2025-01-16T08:55:15","guid":{"rendered":"https:\/\/pcf08.com\/?p=3142"},"modified":"2025-01-16T09:55:15","modified_gmt":"2025-01-16T08:55:15","slug":"contre-les-inondations-les-collectivites-agissent","status":"publish","type":"post","link":"https:\/\/pcf08.com\/index.php\/2025\/01\/16\/contre-les-inondations-les-collectivites-agissent\/","title":{"rendered":"Contre les inondations, les collectivit\u00e9s agissent !"},"content":{"rendered":"<p><img loading=\"lazy\" decoding=\"async\" class=\"size-medium wp-image-3143 alignleft\" src=\"https:\/\/pcf08.com\/wp-content\/uploads\/2025\/01\/inondations-300x197.jpg\" alt=\"\" width=\"300\" height=\"197\" srcset=\"https:\/\/pcf08.com\/wp-content\/uploads\/2025\/01\/inondations-300x197.jpg 300w, https:\/\/pcf08.com\/wp-content\/uploads\/2025\/01\/inondations-768x505.jpg 768w, https:\/\/pcf08.com\/wp-content\/uploads\/2025\/01\/inondations.jpg 770w\" sizes=\"(max-width: 300px) 100vw, 300px\" \/>Les intemp\u00e9ries de ces derni\u00e8res semaines font sortir de leur lit les cours d\u2019eau. C\u2019est le cas de la Meuse qui atteint des niveaux \u00e9lev\u00e9s. Cette situation nous rem\u00e9more les fortes crues de 1993 et de 1995. A l\u2019\u00e9poque, au del\u00e0 du traumatisme pour les habitants inond\u00e9s, cette situation a engendr\u00e9 une catastrophe \u00e9conomique et sociale. En 1995 ce ne sont pas moins de 12 000 Ardennais qui ont eu \u00e0 souffrir des inondations. Dans notre d\u00e9partement ce sont 315 communes qui ont subit des inondations \u00e0 des degr\u00e9s divers et 800 entreprises touch\u00e9es dont la fonderie ex PSA.<br \/>\nFace \u00e0 ce d\u00e9luge, les communes de Charleville-M\u00e9zi\u00e8res et de Warcq r\u00e9sistent. Avec la cr\u00e9ation d\u2019un syndicat intercommunal de lutte contre les inondations entre ces deux collectivit\u00e9s d\u00e9s 1993 (dissout en 2017) elles avaient pour objectif de lutter contre les inondations. Cela s\u2019est traduit par des investissements cons\u00e9quents sur plusieurs ann\u00e9es (pr\u00e8s de 60 millions). Compl\u00e9ment indispensable pour renforcer l\u2019action, des services publics des dispositifs ont vu le jour. La cr\u00e9ation d\u2019un EPAMA (\u00c9tablissement Public d\u2019Am\u00e9nagement de la Meuse) et d\u2019un PPRI ( Plan de pr\u00e9vention des risques d\u2019inondation) sont venus conforter les efforts des \u00e9lus. Au c\u00f4t\u00e9 de notre regrett\u00e9 Ren\u00e9 Visse, les \u00e9lus communistes ont agit pour lutter contre les inondations. R\u00e9sultat, m\u00eame si le danger n\u2019est pas compl\u00e8tement \u00e9cart\u00e9, les travaux effectu\u00e9s \u00e9vitent de subir des d\u00e9bordements destructeurs de la Meuse. Autres travaux qui ont permis de r\u00e9duire les crues c\u2019est la r\u00e9novation r\u00e9cente des 23 barrages sur la Meuse.<br \/>\nMalheureusement tous les efforts des collectivit\u00e9s sont entach\u00e9s par l\u2019absence d\u2019entretien des berges de la Meuse. Ainsi, Voies Navigables de France (VNF) en sous effectif n\u2019assume plus son r\u00f4le qui est d\u2019enlever tous les arbres qui risquent de tomber \u00e0 l\u2019eau. Autre probl\u00e8me ce sont les autorisations de la Pr\u00e9fecture d\u2019accorder des d\u00e9rogations pour la r\u00e9alisation de travaux sur des sites class\u00e9s PPRI et donc potentiellement inondables. A Charleville-M\u00e9zi\u00e8res on a vu se construire au Mont Olympe le centre aquatique ou actuellement les travaux dans l\u2019ancienne usine Deville. Il ne faudrait pas croire, parce que depuis une trentaine d\u2019ann\u00e9es il n\u2019y a pas eu d\u2019inondations destructrices que tous les dangers sont \u00e9cart\u00e9s.<\/p>\n<p>Sylvain DALLA ROSA<\/p>\n","protected":false},"excerpt":{"rendered":"<p>Les intemp\u00e9ries de ces derni\u00e8res semaines font sortir de leur lit les cours d\u2019eau. C\u2019est le cas de la Meuse qui atteint des niveaux \u00e9lev\u00e9s. Cette situation nous rem\u00e9more les fortes crues de 1993 et de 1995. A l\u2019\u00e9poque, au del\u00e0 du traumatisme pour les habitants inond\u00e9s, cette situation a engendr\u00e9 une catastrophe \u00e9conomique et [&hellip;]<\/p>\n","protected":false},"author":4,"featured_media":0,"comment_status":"closed","ping_status":"open","sticky":false,"template":"","format":"standard","meta":{"saved_in_kubio":false,"footnotes":""},"categories":[1],"tags":[],"class_list":["post-3142","post","type-post","status-publish","format-standard","hentry","category-non-classe"],"_links":{"self":[{"href":"https:\/\/pcf08.com\/index.php\/wp-json\/wp\/v2\/posts\/3142","targetHints":{"allow":["GET"]}}],"collection":[{"href":"https:\/\/pcf08.com\/index.php\/wp-json\/wp\/v2\/posts"}],"about":[{"href":"https:\/\/pcf08.com\/index.php\/wp-json\/wp\/v2\/types\/post"}],"author":[{"embeddable":true,"href":"https:\/\/pcf08.com\/index.php\/wp-json\/wp\/v2\/users\/4"}],"replies":[{"embeddable":true,"href":"https:\/\/pcf08.com\/index.php\/wp-json\/wp\/v2\/comments?post=3142"}],"version-history":[{"count":1,"href":"https:\/\/pcf08.com\/index.php\/wp-json\/wp\/v2\/posts\/3142\/revisions"}],"predecessor-version":[{"id":3144,"href":"https:\/\/pcf08.com\/index.php\/wp-json\/wp\/v2\/posts\/3142\/revisions\/3144"}],"wp:attachment":[{"href":"https:\/\/pcf08.com\/index.php\/wp-json\/wp\/v2\/media?parent=3142"}],"wp:term":[{"taxonomy":"category","embeddable":true,"href":"https:\/\/pcf08.com\/index.php\/wp-json\/wp\/v2\/categories?post=3142"},{"taxonomy":"post_tag","embeddable":true,"href":"https:\/\/pcf08.com\/index.php\/wp-json\/wp\/v2\/tags?post=3142"}],"curies":[{"name":"wp","href":"https:\/\/api.w.org\/{rel}","templated":true}]}}