{"id":314,"date":"2020-06-06T11:32:45","date_gmt":"2020-06-06T09:32:45","guid":{"rendered":"http:\/\/pcf08.com\/?p=314"},"modified":"2020-06-06T11:32:45","modified_gmt":"2020-06-06T09:32:45","slug":"lhommage-a-meslier-reporte","status":"publish","type":"post","link":"https:\/\/pcf08.com\/index.php\/2020\/06\/06\/lhommage-a-meslier-reporte\/","title":{"rendered":"L\u2019hommage \u00e0 Meslier report\u00e9"},"content":{"rendered":"<p class=\"western\" align=\"justify\"><span style=\"font-size: medium;\"><img loading=\"lazy\" decoding=\"async\" class=\"size-full wp-image-315 alignleft\" src=\"https:\/\/pcf08.com\/wp-content\/uploads\/2020\/06\/meslier.jpg\" alt=\"\" width=\"183\" height=\"285\" \/>Compte tenu de la situation sanitaire, le rassemblement annuel pour honorer la m\u00e9moire de Jean Meslier (1664-1729) ne pourra pas se tenir courant juin \u00e0 Etrepigny.\u00a0<\/span><\/p>\n<p align=\"justify\"><span style=\"font-family: Times New Roman, serif;\"><span style=\"font-size: medium;\"> En fonction des \u00e9v\u00e9nements, l\u2019association \u00ab\u00a0les Amis de Meslier\u00a0\u00bb avisera en septembre &#8230;mais il est tr\u00e8s probable que c&rsquo;est seulement en 2021 que sera programm\u00e9 un rassemblement pour honorer le cur\u00e9 ath\u00e9e et r\u00e9volutionnaire!\u00a0<\/span><\/span><\/p>\n<p align=\"justify\"><span style=\"font-family: Times New Roman, serif;\"><span style=\"font-size: medium;\"> Le projet d&rsquo;un monument comm\u00e9moratif est toujours d&rsquo;actualit\u00e9. C&rsquo;est <\/span><\/span><span style=\"font-family: Times New Roman, serif;\"><span style=\"font-size: medium;\">pourquoi les adh\u00e9rents sont invit\u00e9s \u00e0 renouveler leur cotisation annuelle (inchang\u00e9e 15 euros) pour le soutenir : versement \u00e0 envoyer 4 rue Cond\u00e9 08000 Charleville-M\u00e9zi\u00e8res.<\/span><\/span><\/p>\n<p align=\"justify\"><span style=\"font-family: Times New Roman, serif;\"><span style=\"font-size: medium;\"> La page Facebook de l&rsquo;association Les Amis de Jean Meslier est r\u00e9guli\u00e8rement mise \u00e0 jour &#8230;n&rsquo;h\u00e9sitez pas \u00e0 la faire partager avec vos amis<\/span><\/span><\/p>\n","protected":false},"excerpt":{"rendered":"<p>Compte tenu de la situation sanitaire, le rassemblement annuel pour honorer la m\u00e9moire de Jean Meslier (1664-1729) ne pourra pas se tenir courant juin \u00e0 Etrepigny.\u00a0 En fonction des \u00e9v\u00e9nements, l\u2019association \u00ab\u00a0les Amis de Meslier\u00a0\u00bb avisera en septembre &#8230;mais il est tr\u00e8s probable que c&rsquo;est seulement en 2021 que sera programm\u00e9 un rassemblement pour honorer [&hellip;]<\/p>\n","protected":false},"author":2,"featured_media":0,"comment_status":"closed","ping_status":"open","sticky":false,"template":"","format":"standard","meta":{"saved_in_kubio":false,"footnotes":""},"categories":[1],"tags":[],"class_list":["post-314","post","type-post","status-publish","format-standard","hentry","category-non-classe"],"_links":{"self":[{"href":"https:\/\/pcf08.com\/index.php\/wp-json\/wp\/v2\/posts\/314","targetHints":{"allow":["GET"]}}],"collection":[{"href":"https:\/\/pcf08.com\/index.php\/wp-json\/wp\/v2\/posts"}],"about":[{"href":"https:\/\/pcf08.com\/index.php\/wp-json\/wp\/v2\/types\/post"}],"author":[{"embeddable":true,"href":"https:\/\/pcf08.com\/index.php\/wp-json\/wp\/v2\/users\/2"}],"replies":[{"embeddable":true,"href":"https:\/\/pcf08.com\/index.php\/wp-json\/wp\/v2\/comments?post=314"}],"version-history":[{"count":1,"href":"https:\/\/pcf08.com\/index.php\/wp-json\/wp\/v2\/posts\/314\/revisions"}],"predecessor-version":[{"id":316,"href":"https:\/\/pcf08.com\/index.php\/wp-json\/wp\/v2\/posts\/314\/revisions\/316"}],"wp:attachment":[{"href":"https:\/\/pcf08.com\/index.php\/wp-json\/wp\/v2\/media?parent=314"}],"wp:term":[{"taxonomy":"category","embeddable":true,"href":"https:\/\/pcf08.com\/index.php\/wp-json\/wp\/v2\/categories?post=314"},{"taxonomy":"post_tag","embeddable":true,"href":"https:\/\/pcf08.com\/index.php\/wp-json\/wp\/v2\/tags?post=314"}],"curies":[{"name":"wp","href":"https:\/\/api.w.org\/{rel}","templated":true}]}}