{"id":3136,"date":"2025-01-16T09:53:17","date_gmt":"2025-01-16T08:53:17","guid":{"rendered":"https:\/\/pcf08.com\/?p=3136"},"modified":"2025-01-16T09:53:17","modified_gmt":"2025-01-16T08:53:17","slug":"un-discours-pour-pas-grand-chose","status":"publish","type":"post","link":"https:\/\/pcf08.com\/index.php\/2025\/01\/16\/un-discours-pour-pas-grand-chose\/","title":{"rendered":"Un discours pour pas grand-chose\u00a0"},"content":{"rendered":"<p><img loading=\"lazy\" decoding=\"async\" class=\"size-medium wp-image-3137 alignleft\" src=\"https:\/\/pcf08.com\/wp-content\/uploads\/2025\/01\/retraites-1-300x200.jpg\" alt=\"\" width=\"300\" height=\"200\" srcset=\"https:\/\/pcf08.com\/wp-content\/uploads\/2025\/01\/retraites-1-300x200.jpg 300w, https:\/\/pcf08.com\/wp-content\/uploads\/2025\/01\/retraites-1-272x182.jpg 272w, https:\/\/pcf08.com\/wp-content\/uploads\/2025\/01\/retraites-1.jpg 474w\" sizes=\"(max-width: 300px) 100vw, 300px\" \/>Retranch\u00e9 sur les m\u00eames valeurs et arguments d\u2019une droite antisociale le discours de politique g\u00e9n\u00e9rale du nouveau 1er ministre n\u2019a apport\u00e9 aucune garantie sur l\u2019am\u00e9lioration du niveau de vie de la majorit\u00e9 des citoyens fran\u00e7ais.<br \/>\nLa r\u00e9forme des retraites impos\u00e9e par le gouvernement BORNE avec le recours du 49.3 n\u2019a pas \u00e9t\u00e9 remise en cause. Alors que c\u2019est une des demandes majeures par une tr\u00e8s large majorit\u00e9 des salari\u00e9s.es et de l\u2019opposition, majoritaire \u00e0 l\u2019Assembl\u00e9e Nationale, cela d\u00e9montre l\u2019\u00e9tat d\u2019esprit de ce gouvernement ob\u00e9issant \u00e0 un parti repr\u00e9sentant 4,5% des suffrages exprim\u00e9s lors des derni\u00e8res l\u00e9gislatives, lui-m\u00eame aux ordres des dirigeants et repr\u00e9sentants de la grande finance.<br \/>\nQuelle esp\u00e9rance de progr\u00e8s va apporter le PLFSS (le budget de la S\u00e9cu) afin que chacune, chacun puisse avoir acc\u00e8s au meilleur en mati\u00e8re de protection sociale et de soins et sans restriction g\u00e9ographique.<br \/>\nCe gouvernement se voit dans l\u2019obligation de suivre la politique impos\u00e9e par un Pr\u00e9sident de la R\u00e9publique de plus en plus isol\u00e9 et d\u00e9connect\u00e9 de la r\u00e9alit\u00e9.<br \/>\nLes forces vives et progressistes qu\u2019elles soient politiques ou syndicales vont devoir faire preuve d\u2019une volont\u00e9 sans faille pour forcer la droite \u00e0 prendre en consid\u00e9ration leurs revendications.<br \/>\nLe p\u00e9ril pour la France ce n\u2019est pas la dette, c\u2019est la finance\u00a0! C\u2019est le co\u00fbt du capital qui place notre pays sous la tutelle des march\u00e9s financiers.<br \/>\nIl ne fait aucun doute que les communistes fran\u00e7ais fid\u00e8les \u00e0 leurs engagements seront \u00e0 la t\u00eate de cette bataille sociale n\u00e9cessaire au progr\u00e8s pour que chaque citoyen puisse arriver \u00e0 un v\u00e9ritable niveau de vie confortable.<br \/>\nPatrick LATTUADA<\/p>\n","protected":false},"excerpt":{"rendered":"<p>Retranch\u00e9 sur les m\u00eames valeurs et arguments d\u2019une droite antisociale le discours de politique g\u00e9n\u00e9rale du nouveau 1er ministre n\u2019a apport\u00e9 aucune garantie sur l\u2019am\u00e9lioration du niveau de vie de la majorit\u00e9 des citoyens fran\u00e7ais. La r\u00e9forme des retraites impos\u00e9e par le gouvernement BORNE avec le recours du 49.3 n\u2019a pas \u00e9t\u00e9 remise en cause. [&hellip;]<\/p>\n","protected":false},"author":4,"featured_media":0,"comment_status":"closed","ping_status":"open","sticky":false,"template":"","format":"standard","meta":{"saved_in_kubio":false,"footnotes":""},"categories":[1],"tags":[],"class_list":["post-3136","post","type-post","status-publish","format-standard","hentry","category-non-classe"],"_links":{"self":[{"href":"https:\/\/pcf08.com\/index.php\/wp-json\/wp\/v2\/posts\/3136","targetHints":{"allow":["GET"]}}],"collection":[{"href":"https:\/\/pcf08.com\/index.php\/wp-json\/wp\/v2\/posts"}],"about":[{"href":"https:\/\/pcf08.com\/index.php\/wp-json\/wp\/v2\/types\/post"}],"author":[{"embeddable":true,"href":"https:\/\/pcf08.com\/index.php\/wp-json\/wp\/v2\/users\/4"}],"replies":[{"embeddable":true,"href":"https:\/\/pcf08.com\/index.php\/wp-json\/wp\/v2\/comments?post=3136"}],"version-history":[{"count":1,"href":"https:\/\/pcf08.com\/index.php\/wp-json\/wp\/v2\/posts\/3136\/revisions"}],"predecessor-version":[{"id":3138,"href":"https:\/\/pcf08.com\/index.php\/wp-json\/wp\/v2\/posts\/3136\/revisions\/3138"}],"wp:attachment":[{"href":"https:\/\/pcf08.com\/index.php\/wp-json\/wp\/v2\/media?parent=3136"}],"wp:term":[{"taxonomy":"category","embeddable":true,"href":"https:\/\/pcf08.com\/index.php\/wp-json\/wp\/v2\/categories?post=3136"},{"taxonomy":"post_tag","embeddable":true,"href":"https:\/\/pcf08.com\/index.php\/wp-json\/wp\/v2\/tags?post=3136"}],"curies":[{"name":"wp","href":"https:\/\/api.w.org\/{rel}","templated":true}]}}