{"id":3118,"date":"2025-01-09T11:22:48","date_gmt":"2025-01-09T10:22:48","guid":{"rendered":"https:\/\/pcf08.com\/?p=3118"},"modified":"2025-01-09T11:22:48","modified_gmt":"2025-01-09T10:22:48","slug":"restons-charlie","status":"publish","type":"post","link":"https:\/\/pcf08.com\/index.php\/2025\/01\/09\/restons-charlie\/","title":{"rendered":"RESTONS CHARLIE\u00a0!"},"content":{"rendered":"<p align=\"justify\"><span style=\"font-family: Calibri, sans-serif;\"><span style=\"font-size: medium;\"><img loading=\"lazy\" decoding=\"async\" class=\"size-medium wp-image-3119 alignleft\" src=\"https:\/\/pcf08.com\/wp-content\/uploads\/2025\/01\/edito-2-300x163.png\" alt=\"\" width=\"300\" height=\"163\" srcset=\"https:\/\/pcf08.com\/wp-content\/uploads\/2025\/01\/edito-2-300x163.png 300w, https:\/\/pcf08.com\/wp-content\/uploads\/2025\/01\/edito-2-768x418.png 768w, https:\/\/pcf08.com\/wp-content\/uploads\/2025\/01\/edito-2.png 800w\" sizes=\"(max-width: 300px) 100vw, 300px\" \/>Il y a 10 ans la barbarie nous frappait de plein fouet. L\u2019obscurantisme croyait pouvoir forcer les forces d\u00e9mocratiques de notre pays \u00e0 renoncer \u00e0 la libert\u00e9 d\u2019expression.<\/span><\/span><\/p>\n<p align=\"justify\"><span style=\"font-family: Calibri, sans-serif;\"><span style=\"font-size: medium;\">Les citoyens fran\u00e7ais, militants communistes en t\u00eate, dans un \u00e9lan de solidarit\u00e9 exemplaire ont d\u00e9montr\u00e9 il y a dix ans que pour eux rien ne valait plus que la libert\u00e9 de parler et d\u2019exprimer sa pens\u00e9e dans un esprit de bienveillance et de tol\u00e9rance.<\/span><\/span><\/p>\n<p align=\"justify\"><span style=\"font-family: Calibri, sans-serif;\"><span style=\"font-size: medium;\">Cet \u00e9lan exceptionnel, vieux d\u2019une dizaine d\u2019ann\u00e9es, a perdu quelque peu de sa superbe face aux coups de butoir du capitalisme mondial.<\/span><\/span><\/p>\n<p align=\"justify\"><span style=\"font-family: Calibri, sans-serif;\"><span style=\"font-size: medium;\">R\u00e9unis en conf\u00e9rence nationale le 14 d\u00e9cembre 2024, un an et demi apr\u00e8s leur congr\u00e8s les communistes alertent sur l\u2019urgence de la situation tant nationale qu\u2019internationale.<\/span><\/span><\/p>\n<p align=\"justify\"><span style=\"font-family: Calibri, sans-serif;\"><span style=\"font-size: medium;\">La guerre est aux portes de l\u2019Europe, le locataire de l\u2019\u00c9lys\u00e9e reste sourd aux exigences et volont\u00e9s de changement exprim\u00e9s par les \u00e9lecteurs lors des derni\u00e8res \u00e9lections l\u00e9gislatives.<\/span><\/span><\/p>\n<p align=\"justify\"><span style=\"font-family: Calibri, sans-serif;\"><span style=\"font-size: medium;\">L\u2019obscurantisme, man\u0153uvr\u00e9 par une r\u00e9surgence des id\u00e9es d\u2019extr\u00eame droite, grandit dangereusement, sous l\u2019\u0153il bienveillant du grand capital.<\/span><\/span><\/p>\n<p align=\"justify\"><span style=\"font-family: Calibri, sans-serif;\"><span style=\"font-size: medium;\">Les peuples d\u2019Europe dont le peuple fran\u00e7ais subissent ces assauts violents, accentu\u00e9 pour nous fran\u00e7ais par l\u2019instabilit\u00e9 politique sans pr\u00e9c\u00e9dent depuis l\u2019origine de la cinqui\u00e8me R\u00e9publique venant de d\u00e9boucher sur la censure du gouvernement Barnier<\/span><\/span><\/p>\n<p align=\"justify\"><span style=\"font-family: Calibri, sans-serif;\"><span style=\"font-size: medium;\">C\u2019est la raison pour laquelle les militants communistes fran\u00e7ais ont d\u00e9cid\u00e9 ce 14 d\u00e9cembre 2024 de poursuivre la dynamique du 39em congr\u00e8s afin d\u2019engager un nouvel \u00e9lan visant \u00e0 unir comme \u00abJE SUIS CHARLIE\u00bb l\u2019avait cr\u00e9\u00e9 il y a dix ans.<\/span><\/span><\/p>\n<p align=\"right\"><span style=\"font-family: Calibri, sans-serif;\"><span style=\"font-size: medium;\">Patrick LATTUADA<\/span><\/span><\/p>\n<p align=\"right\"><span style=\"font-family: Calibri, sans-serif;\"><span style=\"font-size: medium;\">Secr\u00e9taire f\u00e9d\u00e9ral<\/span><\/span><\/p>\n","protected":false},"excerpt":{"rendered":"<p>Il y a 10 ans la barbarie nous frappait de plein fouet. L\u2019obscurantisme croyait pouvoir forcer les forces d\u00e9mocratiques de notre pays \u00e0 renoncer \u00e0 la libert\u00e9 d\u2019expression. Les citoyens fran\u00e7ais, militants communistes en t\u00eate, dans un \u00e9lan de solidarit\u00e9 exemplaire ont d\u00e9montr\u00e9 il y a dix ans que pour eux rien ne valait plus [&hellip;]<\/p>\n","protected":false},"author":4,"featured_media":0,"comment_status":"closed","ping_status":"open","sticky":false,"template":"","format":"standard","meta":{"saved_in_kubio":false,"footnotes":""},"categories":[1],"tags":[],"class_list":["post-3118","post","type-post","status-publish","format-standard","hentry","category-non-classe"],"_links":{"self":[{"href":"https:\/\/pcf08.com\/index.php\/wp-json\/wp\/v2\/posts\/3118","targetHints":{"allow":["GET"]}}],"collection":[{"href":"https:\/\/pcf08.com\/index.php\/wp-json\/wp\/v2\/posts"}],"about":[{"href":"https:\/\/pcf08.com\/index.php\/wp-json\/wp\/v2\/types\/post"}],"author":[{"embeddable":true,"href":"https:\/\/pcf08.com\/index.php\/wp-json\/wp\/v2\/users\/4"}],"replies":[{"embeddable":true,"href":"https:\/\/pcf08.com\/index.php\/wp-json\/wp\/v2\/comments?post=3118"}],"version-history":[{"count":1,"href":"https:\/\/pcf08.com\/index.php\/wp-json\/wp\/v2\/posts\/3118\/revisions"}],"predecessor-version":[{"id":3120,"href":"https:\/\/pcf08.com\/index.php\/wp-json\/wp\/v2\/posts\/3118\/revisions\/3120"}],"wp:attachment":[{"href":"https:\/\/pcf08.com\/index.php\/wp-json\/wp\/v2\/media?parent=3118"}],"wp:term":[{"taxonomy":"category","embeddable":true,"href":"https:\/\/pcf08.com\/index.php\/wp-json\/wp\/v2\/categories?post=3118"},{"taxonomy":"post_tag","embeddable":true,"href":"https:\/\/pcf08.com\/index.php\/wp-json\/wp\/v2\/tags?post=3118"}],"curies":[{"name":"wp","href":"https:\/\/api.w.org\/{rel}","templated":true}]}}