{"id":311,"date":"2020-06-06T11:29:49","date_gmt":"2020-06-06T09:29:49","guid":{"rendered":"http:\/\/pcf08.com\/?p=311"},"modified":"2020-06-06T11:29:49","modified_gmt":"2020-06-06T09:29:49","slug":"un-moratoire-sur-les-loyers-impayes","status":"publish","type":"post","link":"https:\/\/pcf08.com\/index.php\/2020\/06\/06\/un-moratoire-sur-les-loyers-impayes\/","title":{"rendered":"Un moratoire sur les loyers impay\u00e9s"},"content":{"rendered":"<p class=\"western\" align=\"justify\"><span style=\"font-family: Times New Roman, serif;\"><span style=\"font-size: medium;\"><img loading=\"lazy\" decoding=\"async\" class=\"size-medium wp-image-312 alignleft\" src=\"https:\/\/pcf08.com\/wp-content\/uploads\/2020\/06\/logement-230x300.jpg\" alt=\"\" width=\"230\" height=\"300\" \/>Le taux de pauvret\u00e9 dans les Ardennes (pr\u00e8s de 20%) est largement au dessus de la moyenne nationale. Avec la crise sanitaire et sociale, cette situation va s\u2019aggraver. Cela entraine des difficult\u00e9s notoires \u00e0 nombre de locataires pour payer leurs loyers \u00e0 Habitat 08 et Espace Habitat. Face \u00e0 cette r\u00e9alit\u00e9 la d\u00e9cision du gouvernement de repousser au 31 juillet l\u2019interdiction des expulsions locatives est un premier pas mais largement insuffisant. Il s\u2019agit seulement de reculer l\u2019\u00e9ch\u00e9ance pour les locataires touch\u00e9s par la pauvret\u00e9 et incapables de faire face aux \u00e9ch\u00e9ances. Rien que pour Habitat 08 le montant des impay\u00e9s de loyers s\u2019\u00e9l\u00e8ve \u00e0 6 millions d\u2019euros. Le bailleur dispose de pr\u00e8s de 12\u00a0000 logements dans les Ardennes. Espace Habitat dispose d\u2019un patrimoine a peu pr\u00e8s semblable. Il est indispensable que des mesures soient prises afin d\u2019\u00e9viter une crise majeure pour les locataires. Ainsi, nationalement, le gouvernement doit d\u00e9cider d\u2019un moratoire sur les loyers impay\u00e9s pour des raisons de pr\u00e9carit\u00e9 sociale. Contrairement \u00e0 de nombreux pays d\u2019Europe, aucun dispositif de soutien aux locataires n\u2019a \u00e9t\u00e9 mis en place dans notre pays.<\/span><\/span><\/p>\n","protected":false},"excerpt":{"rendered":"<p>Le taux de pauvret\u00e9 dans les Ardennes (pr\u00e8s de 20%) est largement au dessus de la moyenne nationale. Avec la crise sanitaire et sociale, cette situation va s\u2019aggraver. Cela entraine des difficult\u00e9s notoires \u00e0 nombre de locataires pour payer leurs loyers \u00e0 Habitat 08 et Espace Habitat. Face \u00e0 cette r\u00e9alit\u00e9 la d\u00e9cision du gouvernement [&hellip;]<\/p>\n","protected":false},"author":2,"featured_media":0,"comment_status":"closed","ping_status":"open","sticky":false,"template":"","format":"standard","meta":{"saved_in_kubio":false,"footnotes":""},"categories":[1],"tags":[],"class_list":["post-311","post","type-post","status-publish","format-standard","hentry","category-non-classe"],"_links":{"self":[{"href":"https:\/\/pcf08.com\/index.php\/wp-json\/wp\/v2\/posts\/311","targetHints":{"allow":["GET"]}}],"collection":[{"href":"https:\/\/pcf08.com\/index.php\/wp-json\/wp\/v2\/posts"}],"about":[{"href":"https:\/\/pcf08.com\/index.php\/wp-json\/wp\/v2\/types\/post"}],"author":[{"embeddable":true,"href":"https:\/\/pcf08.com\/index.php\/wp-json\/wp\/v2\/users\/2"}],"replies":[{"embeddable":true,"href":"https:\/\/pcf08.com\/index.php\/wp-json\/wp\/v2\/comments?post=311"}],"version-history":[{"count":1,"href":"https:\/\/pcf08.com\/index.php\/wp-json\/wp\/v2\/posts\/311\/revisions"}],"predecessor-version":[{"id":313,"href":"https:\/\/pcf08.com\/index.php\/wp-json\/wp\/v2\/posts\/311\/revisions\/313"}],"wp:attachment":[{"href":"https:\/\/pcf08.com\/index.php\/wp-json\/wp\/v2\/media?parent=311"}],"wp:term":[{"taxonomy":"category","embeddable":true,"href":"https:\/\/pcf08.com\/index.php\/wp-json\/wp\/v2\/categories?post=311"},{"taxonomy":"post_tag","embeddable":true,"href":"https:\/\/pcf08.com\/index.php\/wp-json\/wp\/v2\/tags?post=311"}],"curies":[{"name":"wp","href":"https:\/\/api.w.org\/{rel}","templated":true}]}}