{"id":3105,"date":"2024-12-18T15:56:22","date_gmt":"2024-12-18T14:56:22","guid":{"rendered":"https:\/\/pcf08.com\/?p=3105"},"modified":"2024-12-18T15:56:22","modified_gmt":"2024-12-18T14:56:22","slug":"lagglomeration-en-difficulte","status":"publish","type":"post","link":"https:\/\/pcf08.com\/index.php\/2024\/12\/18\/lagglomeration-en-difficulte\/","title":{"rendered":"L\u2019agglom\u00e9ration en difficult\u00e9"},"content":{"rendered":"<p align=\"justify\"><span style=\"font-family: Calibri, sans-serif;\"><img loading=\"lazy\" decoding=\"async\" class=\"size-medium wp-image-3106 alignleft\" src=\"https:\/\/pcf08.com\/wp-content\/uploads\/2024\/12\/courdes-comptes-300x210.jpg\" alt=\"\" width=\"300\" height=\"210\" srcset=\"https:\/\/pcf08.com\/wp-content\/uploads\/2024\/12\/courdes-comptes-300x210.jpg 300w, https:\/\/pcf08.com\/wp-content\/uploads\/2024\/12\/courdes-comptes.jpg 720w\" sizes=\"(max-width: 300px) 100vw, 300px\" \/>Le rapport des conclusions de la Chambre r\u00e9gionale des comptes \u00e9tait \u00e0 l\u2019ordre du jour de la r\u00e9union, le 10 d\u00e9cembre dernier, de la communaut\u00e9 d\u2019agglom\u00e9ration \u00abArdenne M\u00e9tropole\u00bb regroupant 57 communes et 121 000 habitants. Les investigations de la Chambre montrent la fragilit\u00e9 des finances de la collectivit\u00e9.<\/span><\/p>\n<p align=\"justify\"><span style=\"font-family: Calibri, sans-serif;\">Parmi les remarques formul\u00e9es la Chambre d\u00e9clare qu\u2019il \u00aby a peu de marges financi\u00e8res pour financer la politique d\u2019investissements\u00bb et elle \u00e9voque \u00abl\u2019accentuation du niveau d\u2019endettement\u00bb. Lors du d\u00e9bat autour de ces conclusions le Pr\u00e9sident de l\u2019agglom\u00e9ration, B. Ravignon, a \u00e9lud\u00e9 le d\u00e9bat. J\u2019ai souhait\u00e9 pour ma part que la r\u00e9flexion s\u2019engage afin de d\u00e9terminer la mise en \u0153uvre d\u2019un plan d\u2019actions pour r\u00e9pondre et prendre en compte l\u2019expertise de la Chambre.<\/span><\/p>\n<p align=\"justify\"><span style=\"font-family: Calibri, sans-serif;\">Autre point abord\u00e9\u00a0: sur la n\u00e9cessit\u00e9 que la r\u00e9gie de l\u2019eau et de l\u2019assainissement puisse avoir une autonomie financi\u00e8re. L\u2019agglom\u00e9ration doit donner \u00e0 ce service une autonomie financi\u00e8re. Pour financer cette disposition le Pr\u00e9sident va avoir recours \u00e0 une hausse du prix du m\u00b3 d\u2019eau. Malgr\u00e9 la d\u00e9signation d\u2019un nouveau gouvernement la volont\u00e9 du pouvoir de faire nationalement 5 milliards d\u2019\u00e9conomie par les collectivit\u00e9s reste d\u2019actualit\u00e9. J\u2019ai vot\u00e9 contre l\u2019augmentation du prix qui p\u00e9nalise les usagers.<\/span><\/p>\n<p align=\"right\"><span style=\"font-family: Calibri, sans-serif;\"> Sylvain DALLA ROSA<\/span><\/p>\n","protected":false},"excerpt":{"rendered":"<p>Le rapport des conclusions de la Chambre r\u00e9gionale des comptes \u00e9tait \u00e0 l\u2019ordre du jour de la r\u00e9union, le 10 d\u00e9cembre dernier, de la communaut\u00e9 d\u2019agglom\u00e9ration \u00abArdenne M\u00e9tropole\u00bb regroupant 57 communes et 121 000 habitants. Les investigations de la Chambre montrent la fragilit\u00e9 des finances de la collectivit\u00e9. Parmi les remarques formul\u00e9es la Chambre d\u00e9clare [&hellip;]<\/p>\n","protected":false},"author":4,"featured_media":0,"comment_status":"closed","ping_status":"open","sticky":false,"template":"","format":"standard","meta":{"saved_in_kubio":false,"footnotes":""},"categories":[1],"tags":[],"class_list":["post-3105","post","type-post","status-publish","format-standard","hentry","category-non-classe"],"_links":{"self":[{"href":"https:\/\/pcf08.com\/index.php\/wp-json\/wp\/v2\/posts\/3105","targetHints":{"allow":["GET"]}}],"collection":[{"href":"https:\/\/pcf08.com\/index.php\/wp-json\/wp\/v2\/posts"}],"about":[{"href":"https:\/\/pcf08.com\/index.php\/wp-json\/wp\/v2\/types\/post"}],"author":[{"embeddable":true,"href":"https:\/\/pcf08.com\/index.php\/wp-json\/wp\/v2\/users\/4"}],"replies":[{"embeddable":true,"href":"https:\/\/pcf08.com\/index.php\/wp-json\/wp\/v2\/comments?post=3105"}],"version-history":[{"count":1,"href":"https:\/\/pcf08.com\/index.php\/wp-json\/wp\/v2\/posts\/3105\/revisions"}],"predecessor-version":[{"id":3107,"href":"https:\/\/pcf08.com\/index.php\/wp-json\/wp\/v2\/posts\/3105\/revisions\/3107"}],"wp:attachment":[{"href":"https:\/\/pcf08.com\/index.php\/wp-json\/wp\/v2\/media?parent=3105"}],"wp:term":[{"taxonomy":"category","embeddable":true,"href":"https:\/\/pcf08.com\/index.php\/wp-json\/wp\/v2\/categories?post=3105"},{"taxonomy":"post_tag","embeddable":true,"href":"https:\/\/pcf08.com\/index.php\/wp-json\/wp\/v2\/tags?post=3105"}],"curies":[{"name":"wp","href":"https:\/\/api.w.org\/{rel}","templated":true}]}}