{"id":3086,"date":"2024-12-11T14:27:46","date_gmt":"2024-12-11T13:27:46","guid":{"rendered":"https:\/\/pcf08.com\/?p=3086"},"modified":"2024-12-11T14:27:46","modified_gmt":"2024-12-11T13:27:46","slug":"suppression-du-fret-sncf-un-danger","status":"publish","type":"post","link":"https:\/\/pcf08.com\/index.php\/2024\/12\/11\/suppression-du-fret-sncf-un-danger\/","title":{"rendered":"Suppression du Fret SNCF, un danger"},"content":{"rendered":"<p><img loading=\"lazy\" decoding=\"async\" class=\"size-full wp-image-3087 alignleft\" src=\"https:\/\/pcf08.com\/wp-content\/uploads\/2024\/12\/fret.jpg\" alt=\"\" width=\"144\" height=\"144\" \/>Apr\u00e8s la division en plusieurs branches ( SNCF r\u00e9seau \u2013 Gares ou voyageurs), la SNCF poursuit son offensive pour d\u00e9manteler le groupe ferroviaire. A terme l\u2019objectif recherch\u00e9 est la privatisation totale.<br \/>\nAlors qu\u2019il est envisag\u00e9 de supprimer des TGV entre Paris et Sedan, notamment celui de certain soir, la SNCF s\u2019attaque au fret. Il est envisag\u00e9 au 1er janvier 2025 de privatiser le transport marchandises et de mat\u00e9riaux par le rail. Les cons\u00e9quences de cette suppression aurait pour r\u00e9sultat de multiplier les camions sur les routes. Cette mesure serait une aggravation de la pollution et de la dangerosit\u00e9.<br \/>\nPour notre d\u00e9partement un autre probl\u00e8me se poserait, celui du transport des d\u00e9chets radioactifs de la centrale nucl\u00e9aire de Chooz. Transporter ces d\u00e9chets par la route aurait non seulement un impact \u00e9cologique n\u00e9gatif mais serait dangereux. Cette nouvelle privatisation est largement condamn\u00e9e par les organisations syndicales. Une p\u00e9tition est lanc\u00e9e pour interpeller la SNCF et les pouvoirs publics. Au nom des \u00e9lus communistes j\u2019ai sign\u00e9 cette p\u00e9tition que l\u2019on trouve sur internet !<br \/>\nSylvain DALLA ROSA<\/p>\n","protected":false},"excerpt":{"rendered":"<p>Apr\u00e8s la division en plusieurs branches ( SNCF r\u00e9seau \u2013 Gares ou voyageurs), la SNCF poursuit son offensive pour d\u00e9manteler le groupe ferroviaire. A terme l\u2019objectif recherch\u00e9 est la privatisation totale. Alors qu\u2019il est envisag\u00e9 de supprimer des TGV entre Paris et Sedan, notamment celui de certain soir, la SNCF s\u2019attaque au fret. Il est [&hellip;]<\/p>\n","protected":false},"author":4,"featured_media":0,"comment_status":"closed","ping_status":"open","sticky":false,"template":"","format":"standard","meta":{"saved_in_kubio":false,"footnotes":""},"categories":[1],"tags":[],"class_list":["post-3086","post","type-post","status-publish","format-standard","hentry","category-non-classe"],"_links":{"self":[{"href":"https:\/\/pcf08.com\/index.php\/wp-json\/wp\/v2\/posts\/3086","targetHints":{"allow":["GET"]}}],"collection":[{"href":"https:\/\/pcf08.com\/index.php\/wp-json\/wp\/v2\/posts"}],"about":[{"href":"https:\/\/pcf08.com\/index.php\/wp-json\/wp\/v2\/types\/post"}],"author":[{"embeddable":true,"href":"https:\/\/pcf08.com\/index.php\/wp-json\/wp\/v2\/users\/4"}],"replies":[{"embeddable":true,"href":"https:\/\/pcf08.com\/index.php\/wp-json\/wp\/v2\/comments?post=3086"}],"version-history":[{"count":2,"href":"https:\/\/pcf08.com\/index.php\/wp-json\/wp\/v2\/posts\/3086\/revisions"}],"predecessor-version":[{"id":3089,"href":"https:\/\/pcf08.com\/index.php\/wp-json\/wp\/v2\/posts\/3086\/revisions\/3089"}],"wp:attachment":[{"href":"https:\/\/pcf08.com\/index.php\/wp-json\/wp\/v2\/media?parent=3086"}],"wp:term":[{"taxonomy":"category","embeddable":true,"href":"https:\/\/pcf08.com\/index.php\/wp-json\/wp\/v2\/categories?post=3086"},{"taxonomy":"post_tag","embeddable":true,"href":"https:\/\/pcf08.com\/index.php\/wp-json\/wp\/v2\/tags?post=3086"}],"curies":[{"name":"wp","href":"https:\/\/api.w.org\/{rel}","templated":true}]}}