{"id":3080,"date":"2024-12-11T14:25:33","date_gmt":"2024-12-11T13:25:33","guid":{"rendered":"https:\/\/pcf08.com\/?p=3080"},"modified":"2024-12-11T14:25:33","modified_gmt":"2024-12-11T13:25:33","slug":"sauvegarder-notre-patrimoine","status":"publish","type":"post","link":"https:\/\/pcf08.com\/index.php\/2024\/12\/11\/sauvegarder-notre-patrimoine\/","title":{"rendered":"Sauvegarder notre patrimoine"},"content":{"rendered":"<p><img loading=\"lazy\" decoding=\"async\" class=\"size-full wp-image-3081 alignleft\" src=\"https:\/\/pcf08.com\/wp-content\/uploads\/2024\/12\/patrimoine-1.jpg\" alt=\"\" width=\"285\" height=\"216\" \/>La Fondation du Patrimoine lance un concours pour la sauvegarde des sites historiques sur notre territoire. Des projets portent sur divers sites et sont soumis au vote des habitants. Parmi les sites retenus on ne trouve aucun qui porte sur le Patrimoine industriel.<br \/>\nLe d\u00e9partement des Ardennes compte plusieurs sites qui m\u00e9riteraient d\u2019\u00eatre soumis au vote des ardennais. Il en est un qui est particuli\u00e8rement repr\u00e9sentatif c\u2019est celui de la sauvegarde et la r\u00e9novation des Rotondes SNCF situ\u00e9 \u00e0 Charleville-M\u00e9zi\u00e8res dans le quartier de Mohon. Ces b\u00e2timents t\u00e9moignent de l\u2019importance du patrimoine ferroviaire ardennais.<br \/>\nUne association dynamique, les Amis des Rotondes et Ateliers de Mohon, \u0153uvre depuis plusieurs ann\u00e9es \u00e0 la requalification des Rotondes. Cette activit\u00e9 rencontre un \u00e9cho particuli\u00e8rement important dans la population. Ainsi, \u00e0 l\u2019occasion des r\u00e9centes journ\u00e9es du Patrimoine, ce sont 2149 personnes qui ont visit\u00e9 ces Rotondes. Ajouter celles-ci \u00e0 la liste des projets qui peuvent \u00eatre retenus, voir d\u2019autres sites au riche pass\u00e9 industriel, permettrait d\u2019\u00e9largir encore leur rayonnement. D\u2019ailleurs un investisseur priv\u00e9 a d\u00e9j\u00e0 fait part de son soutien \u00e0 la r\u00e9novation des Rotondes.<br \/>\nSylvain DALLA ROSA<\/p>\n","protected":false},"excerpt":{"rendered":"<p>La Fondation du Patrimoine lance un concours pour la sauvegarde des sites historiques sur notre territoire. Des projets portent sur divers sites et sont soumis au vote des habitants. Parmi les sites retenus on ne trouve aucun qui porte sur le Patrimoine industriel. Le d\u00e9partement des Ardennes compte plusieurs sites qui m\u00e9riteraient d\u2019\u00eatre soumis au [&hellip;]<\/p>\n","protected":false},"author":4,"featured_media":0,"comment_status":"closed","ping_status":"open","sticky":false,"template":"","format":"standard","meta":{"saved_in_kubio":false,"footnotes":""},"categories":[1],"tags":[],"class_list":["post-3080","post","type-post","status-publish","format-standard","hentry","category-non-classe"],"_links":{"self":[{"href":"https:\/\/pcf08.com\/index.php\/wp-json\/wp\/v2\/posts\/3080","targetHints":{"allow":["GET"]}}],"collection":[{"href":"https:\/\/pcf08.com\/index.php\/wp-json\/wp\/v2\/posts"}],"about":[{"href":"https:\/\/pcf08.com\/index.php\/wp-json\/wp\/v2\/types\/post"}],"author":[{"embeddable":true,"href":"https:\/\/pcf08.com\/index.php\/wp-json\/wp\/v2\/users\/4"}],"replies":[{"embeddable":true,"href":"https:\/\/pcf08.com\/index.php\/wp-json\/wp\/v2\/comments?post=3080"}],"version-history":[{"count":1,"href":"https:\/\/pcf08.com\/index.php\/wp-json\/wp\/v2\/posts\/3080\/revisions"}],"predecessor-version":[{"id":3082,"href":"https:\/\/pcf08.com\/index.php\/wp-json\/wp\/v2\/posts\/3080\/revisions\/3082"}],"wp:attachment":[{"href":"https:\/\/pcf08.com\/index.php\/wp-json\/wp\/v2\/media?parent=3080"}],"wp:term":[{"taxonomy":"category","embeddable":true,"href":"https:\/\/pcf08.com\/index.php\/wp-json\/wp\/v2\/categories?post=3080"},{"taxonomy":"post_tag","embeddable":true,"href":"https:\/\/pcf08.com\/index.php\/wp-json\/wp\/v2\/tags?post=3080"}],"curies":[{"name":"wp","href":"https:\/\/api.w.org\/{rel}","templated":true}]}}