{"id":308,"date":"2020-06-06T11:27:19","date_gmt":"2020-06-06T09:27:19","guid":{"rendered":"http:\/\/pcf08.com\/?p=308"},"modified":"2020-06-06T11:27:19","modified_gmt":"2020-06-06T09:27:19","slug":"la-situation-de-lemploi-entre-reprise-et-inquietude","status":"publish","type":"post","link":"https:\/\/pcf08.com\/index.php\/2020\/06\/06\/la-situation-de-lemploi-entre-reprise-et-inquietude\/","title":{"rendered":"La situation de l\u2019emploi,  entre reprise et inqui\u00e9tude"},"content":{"rendered":"<p class=\"western\" align=\"justify\"><span style=\"font-family: Times New Roman, serif;\"><span style=\"font-size: medium;\"><img loading=\"lazy\" decoding=\"async\" class=\"size-medium wp-image-309 alignleft\" src=\"https:\/\/pcf08.com\/wp-content\/uploads\/2020\/06\/deloc-300x250.jpg\" alt=\"\" width=\"300\" height=\"250\" \/>Au <\/span><\/span><span style=\"font-family: Times New Roman, serif;\"><span style=\"font-size: medium;\">4<\/span><\/span><sup><span style=\"font-family: Times New Roman, serif;\"><span style=\"font-size: medium;\">\u00e8me<\/span><\/span><\/sup><span style=\"font-family: Times New Roman, serif;\"><span style=\"font-size: medium;\"> trimestre 2019, selon la DIRECCTE (Direction r\u00e9gionale des entreprises et du travail..), le taux de ch\u00f4mage pour la r\u00e9gion Grand Est s\u2019\u00e9levait \u00e0 7,8%, dans les Ardennes il atteignait 9,9% et plus pr\u00e9cis\u00e9ment 10,3% \u00e0 Charleville-M\u00e9zi\u00e8res avec des pointes \u00e0 20% dans un quartier comme la Ronde Couture. Malgr\u00e9 une tendance globale \u00e0 la baisse, le taux de ch\u00f4mage dans les Ardennes reste sensiblement plus \u00e9lev\u00e9 que dans le reste de la r\u00e9gion. <\/span><\/span><\/p>\n<p class=\"western\" align=\"justify\"><span style=\"font-family: Times New Roman, serif;\"><span style=\"font-size: medium;\"> La crise du COVID-19 est venue bouleverser la donne\u00a0: les projections de P\u00f4le Emploi laissent craindre une r\u00e9cession d\u2019une ampleur peu commune. Au plus fort de la crise, les entreprise avaient r\u00e9duit drastiquement, voire totalement arr\u00eat\u00e9 leurs embauches, n\u00e9anmoins, on voit une reprise du recrutement se profiler pour certains secteurs (comme le BTP par exemple), bien que les chantiers ne tournent pas \u00e0 plein r\u00e9gime du fait des mesures barri\u00e8res. D\u2019autres secteurs comme les sous-traitants de l\u2019a\u00e9ronautique et de l\u2019automobile, comme PSA aux Ayvelles, reprennent difficilement et s\u2019inqui\u00e8tent des difficult\u00e9s \u00e0 venir.<\/span><\/span><\/p>\n<p class=\"western\" align=\"justify\"><span style=\"font-family: Times New Roman, serif;\"><span style=\"font-size: medium;\"> Le commerce est aussi en grandes difficult\u00e9s. Ainsi, les salari\u00e9s du magasin Conforama craignent pour certains d\u2019\u00eatre licenci\u00e9s du fait du plan de restructuration annonc\u00e9 en 2019. Aux derni\u00e8res nouvelles, le magasin de Charleville-M\u00e9zi\u00e8res devrait rester ouvert mais 7 emplois sont menac\u00e9s.<\/span><\/span><\/p>\n","protected":false},"excerpt":{"rendered":"<p>Au 4\u00e8me trimestre 2019, selon la DIRECCTE (Direction r\u00e9gionale des entreprises et du travail..), le taux de ch\u00f4mage pour la r\u00e9gion Grand Est s\u2019\u00e9levait \u00e0 7,8%, dans les Ardennes il atteignait 9,9% et plus pr\u00e9cis\u00e9ment 10,3% \u00e0 Charleville-M\u00e9zi\u00e8res avec des pointes \u00e0 20% dans un quartier comme la Ronde Couture. Malgr\u00e9 une tendance globale \u00e0 [&hellip;]<\/p>\n","protected":false},"author":2,"featured_media":0,"comment_status":"closed","ping_status":"open","sticky":false,"template":"","format":"standard","meta":{"saved_in_kubio":false,"footnotes":""},"categories":[1],"tags":[],"class_list":["post-308","post","type-post","status-publish","format-standard","hentry","category-non-classe"],"_links":{"self":[{"href":"https:\/\/pcf08.com\/index.php\/wp-json\/wp\/v2\/posts\/308","targetHints":{"allow":["GET"]}}],"collection":[{"href":"https:\/\/pcf08.com\/index.php\/wp-json\/wp\/v2\/posts"}],"about":[{"href":"https:\/\/pcf08.com\/index.php\/wp-json\/wp\/v2\/types\/post"}],"author":[{"embeddable":true,"href":"https:\/\/pcf08.com\/index.php\/wp-json\/wp\/v2\/users\/2"}],"replies":[{"embeddable":true,"href":"https:\/\/pcf08.com\/index.php\/wp-json\/wp\/v2\/comments?post=308"}],"version-history":[{"count":1,"href":"https:\/\/pcf08.com\/index.php\/wp-json\/wp\/v2\/posts\/308\/revisions"}],"predecessor-version":[{"id":310,"href":"https:\/\/pcf08.com\/index.php\/wp-json\/wp\/v2\/posts\/308\/revisions\/310"}],"wp:attachment":[{"href":"https:\/\/pcf08.com\/index.php\/wp-json\/wp\/v2\/media?parent=308"}],"wp:term":[{"taxonomy":"category","embeddable":true,"href":"https:\/\/pcf08.com\/index.php\/wp-json\/wp\/v2\/categories?post=308"},{"taxonomy":"post_tag","embeddable":true,"href":"https:\/\/pcf08.com\/index.php\/wp-json\/wp\/v2\/tags?post=308"}],"curies":[{"name":"wp","href":"https:\/\/api.w.org\/{rel}","templated":true}]}}