{"id":3026,"date":"2024-07-04T13:01:17","date_gmt":"2024-07-04T11:01:17","guid":{"rendered":"http:\/\/pcf08.com\/?p=3026"},"modified":"2024-07-04T14:36:05","modified_gmt":"2024-07-04T12:36:05","slug":"pas-une-voix-pour-lextreme-droite-ardennaise","status":"publish","type":"post","link":"https:\/\/pcf08.com\/index.php\/2024\/07\/04\/pas-une-voix-pour-lextreme-droite-ardennaise\/","title":{"rendered":"Pas une voix pour l\u2019extr\u00eame droite ardennaise"},"content":{"rendered":"<p align=\"justify\"><span style=\"color: #000000;\"><span style=\"font-family: Times New Roman, serif;\"><span style=\"font-size: large;\"><span style=\"font-size: medium;\"><img loading=\"lazy\" decoding=\"async\" class=\"size-medium wp-image-3030 alignleft\" src=\"https:\/\/pcf08.com\/wp-content\/uploads\/2024\/07\/Urne-300x200.png\" alt=\"\" width=\"300\" height=\"200\" srcset=\"https:\/\/pcf08.com\/wp-content\/uploads\/2024\/07\/Urne-300x200.png 300w, https:\/\/pcf08.com\/wp-content\/uploads\/2024\/07\/Urne-272x182.png 272w, https:\/\/pcf08.com\/wp-content\/uploads\/2024\/07\/Urne.png 327w\" sizes=\"(max-width: 300px) 100vw, 300px\" \/>Les militantes et militants communistes ardennais remercient chaleureusement les \u00e9lectrices et \u00e9lecteurs qui ont vot\u00e9 pour le Nouveau Front <\/span><span style=\"font-size: medium;\">P<\/span><span style=\"font-size: medium;\">opulaire au premier tour des l\u00e9gislatives 2024.<\/span><\/span><\/span><\/span><\/p>\n<p align=\"justify\"><span style=\"color: #000000;\"><span style=\"font-family: Times New Roman, serif;\"><span style=\"font-size: medium;\"> Notre d\u00e9partement n\u2019\u00e9chappe pas \u00e0 l\u2019inqui\u00e9tante et dangereuse pouss\u00e9e du RN. L\u2019extr\u00eame droite, aux portes du pouvoir, ne doit pas avoir de d\u00e9put\u00e9 dans les Ardennes. Nous devons tout faire pour \u00e9viter une majorit\u00e9 absolue RN \u00e0 l\u2019Assembl\u00e9e Nationale.<\/span><\/span><\/span><\/p>\n<p align=\"justify\"><span style=\"color: #000000;\"><span style=\"font-family: Times New Roman, serif;\"><span style=\"font-size: medium;\"> Face \u00e0 cette mont\u00e9e, dangereuse pour la R\u00e9publique, les militants communistes ardennais demandent \u00e0 leurs \u00e9lecteurs de reporter leurs voix, pour le second tour, sur le candidat de l\u2019arc r\u00e9publicain le plus favorablement plac\u00e9 pour faire \u00e9chec \u00e0 l\u2019arriv\u00e9e du RN au pouvoir. <\/span><\/span><\/span><\/p>\n<p align=\"justify\"><span style=\"color: #000000;\"><span style=\"font-family: Times New Roman, serif;\"><span style=\"font-size: medium;\"> Dans les Ardennes, sans tergiverser, les candidats \u00e0 \u00e9lire au second tour s\u2019appellent Vuibert, Cordier et Warsmann.<\/span><\/span><\/span><\/p>\n<p align=\"justify\"><a name=\"_GoBack1\"><\/a> <span style=\"color: #000000;\"><span style=\"font-family: Times New Roman, serif;\"><span style=\"font-size: medium;\"> Les communistes, fid\u00e8les \u00e0 leur ligne de conduite r\u00e9publicaine, privil\u00e9gieront toujours l\u2019essentiel lorsque la d\u00e9mocratie est en p\u00e9ril.<\/span><\/span><\/span><\/p>\n<p align=\"right\"><span style=\"font-family: Times New Roman, serif;\"><span style=\"font-size: medium;\"> Patrick LATTUADA<\/span><\/span><\/p>\n<p align=\"right\"><b> <\/b><span style=\"color: #080009;\"><span style=\"font-family: Times New Roman, serif;\"><span style=\"font-size: medium;\"><strong>Secr\u00e9taire f\u00e9d\u00e9ral PCF 08<\/strong><\/span><\/span><\/span><\/p>\n","protected":false},"excerpt":{"rendered":"<p>Les militantes et militants communistes ardennais remercient chaleureusement les \u00e9lectrices et \u00e9lecteurs qui ont vot\u00e9 pour le Nouveau Front Populaire au premier tour des l\u00e9gislatives 2024. Notre d\u00e9partement n\u2019\u00e9chappe pas \u00e0 l\u2019inqui\u00e9tante et dangereuse pouss\u00e9e du RN. L\u2019extr\u00eame droite, aux portes du pouvoir, ne doit pas avoir de d\u00e9put\u00e9 dans les Ardennes. Nous devons tout [&hellip;]<\/p>\n","protected":false},"author":4,"featured_media":0,"comment_status":"closed","ping_status":"open","sticky":false,"template":"","format":"standard","meta":{"saved_in_kubio":false,"footnotes":""},"categories":[1],"tags":[],"class_list":["post-3026","post","type-post","status-publish","format-standard","hentry","category-non-classe"],"_links":{"self":[{"href":"https:\/\/pcf08.com\/index.php\/wp-json\/wp\/v2\/posts\/3026","targetHints":{"allow":["GET"]}}],"collection":[{"href":"https:\/\/pcf08.com\/index.php\/wp-json\/wp\/v2\/posts"}],"about":[{"href":"https:\/\/pcf08.com\/index.php\/wp-json\/wp\/v2\/types\/post"}],"author":[{"embeddable":true,"href":"https:\/\/pcf08.com\/index.php\/wp-json\/wp\/v2\/users\/4"}],"replies":[{"embeddable":true,"href":"https:\/\/pcf08.com\/index.php\/wp-json\/wp\/v2\/comments?post=3026"}],"version-history":[{"count":2,"href":"https:\/\/pcf08.com\/index.php\/wp-json\/wp\/v2\/posts\/3026\/revisions"}],"predecessor-version":[{"id":3031,"href":"https:\/\/pcf08.com\/index.php\/wp-json\/wp\/v2\/posts\/3026\/revisions\/3031"}],"wp:attachment":[{"href":"https:\/\/pcf08.com\/index.php\/wp-json\/wp\/v2\/media?parent=3026"}],"wp:term":[{"taxonomy":"category","embeddable":true,"href":"https:\/\/pcf08.com\/index.php\/wp-json\/wp\/v2\/categories?post=3026"},{"taxonomy":"post_tag","embeddable":true,"href":"https:\/\/pcf08.com\/index.php\/wp-json\/wp\/v2\/tags?post=3026"}],"curies":[{"name":"wp","href":"https:\/\/api.w.org\/{rel}","templated":true}]}}