{"id":3012,"date":"2024-06-27T10:56:21","date_gmt":"2024-06-27T08:56:21","guid":{"rendered":"http:\/\/pcf08.com\/?p=3012"},"modified":"2024-06-27T10:56:21","modified_gmt":"2024-06-27T08:56:21","slug":"colleges-le-grand-renoncement-du-conseil-departemental","status":"publish","type":"post","link":"https:\/\/pcf08.com\/index.php\/2024\/06\/27\/colleges-le-grand-renoncement-du-conseil-departemental\/","title":{"rendered":"Coll\u00e8ges\u00a0: le grand renoncement du Conseil D\u00e9partemental"},"content":{"rendered":"<p><img loading=\"lazy\" decoding=\"async\" class=\"size-medium wp-image-3013 alignleft\" src=\"https:\/\/pcf08.com\/wp-content\/uploads\/2024\/06\/salengro-300x222.jpg\" alt=\"\" width=\"300\" height=\"222\" srcset=\"https:\/\/pcf08.com\/wp-content\/uploads\/2024\/06\/salengro-300x222.jpg 300w, https:\/\/pcf08.com\/wp-content\/uploads\/2024\/06\/salengro-1024x758.jpg 1024w, https:\/\/pcf08.com\/wp-content\/uploads\/2024\/06\/salengro-768x568.jpg 768w, https:\/\/pcf08.com\/wp-content\/uploads\/2024\/06\/salengro.jpg 1054w\" sizes=\"(max-width: 300px) 100vw, 300px\" \/>Apr\u00e8s la fermeture du coll\u00e8ge La Fontaine d\u00e9cid\u00e9e \u00e0 l\u2019unanimit\u00e9 du Conseil D\u00e9partemental voil\u00e0 l\u2019annonce des fermetures du coll\u00e8ge de Bogny-sur-Meuse et du coll\u00e8ge Roger Salengro.<\/p>\n<p>Le dossier ne date pas d\u2019aujourd\u2019hui\u00a0! D\u00e8s 1995, le rectorat avait annonc\u00e9 vouloir fermer des coll\u00e8ges dans les Ardennes. Et c\u2019est en 1973 qu\u2019\u00e0 la suite de l\u2019incendie meurtrier du coll\u00e8ge de la rue Pailleron \u00e0 Paris, le danger de ces coll\u00e8ges \u00e0 structure m\u00e9tallique avait \u00e9t\u00e9 mis en \u00e9vidence.<\/p>\n<p>Bogny sur Meuse, Salengro dans le quartier de la Ronde Couture : le scenario du conseil d\u00e9partemental est le m\u00eame : de longues tergiversations avant d\u2019annoncer la construction d\u2019un nouveau coll\u00e8ge, l\u2019un entre Bogny sur Meuse et Montherm\u00e9, l\u2019autre dans le quartier de la Ronde Couture devant regrouper les coll\u00e9giens de L\u00e9o Lagrange et de Salengro : dans chaque cas, un coll\u00e8ge neuf pour regrouper les \u00e9l\u00e8ves d\u2019un coll\u00e8ge un peu vieillot et d\u2019un autre de type Pailleron.<\/p>\n<p>Ce n\u2019\u00e9tait d\u00e9j\u00e0 pas la panac\u00e9e en c\u00e9dant aux injonctions du Rectorat dont les seuls buts sont \u00e9conomiques\u00a0: faciliter la formation de classes plus nombreuses et r\u00e9duire le nombre de personnels, enseignants et non enseignants\u00a0! Rappelons que tant Bogny sur Meuse que la Ronde Couture sont class\u00e9s en ZEP (Zone d\u2019\u00c9ducation Prioritaire).<\/p>\n<p>Mais le m\u00eame scenario se poursuit\u00a0: le terrain envisag\u00e9 n\u2019est tout compte fait pas adapt\u00e9. Alors, le conseil d\u00e9partemental distille dans le temps ses d\u00e9cisions\u00a0: \u00e0 Montherm\u00e9 d\u2019abord, puis \u00e0 la Ronde Couture\u00a0: on va se contenter de bricoler des am\u00e9nagements pour permettre au coll\u00e8ge de Montherm\u00e9 et \u00e0 L\u00e9o Lagrange d\u2019accueillir plus d\u2019\u00e9l\u00e8ves\u00a0!<\/p>\n<p>Toute notre solidarit\u00e9 aux parents et aux enseignants qui manifestent contre ces d\u00e9cisions\u00a0! Le Conseil D\u00e9partemental n\u2019a pas de sous\u00a0: voil\u00e0 la grande excuse. Mais entend-on sa majorit\u00e9 se prononcer clairement pour des politiques permettant de r\u00e9pondre aux besoins des populations\u00a0? H\u00e9las non. Pourtant dans cette p\u00e9riode, elle pourrait clairement soutenir le Nouveau Front Populaire\u00a0!<br \/>\nMich\u00e8le LEFLON<\/p>\n<p>&nbsp;<\/p>\n","protected":false},"excerpt":{"rendered":"<p>Apr\u00e8s la fermeture du coll\u00e8ge La Fontaine d\u00e9cid\u00e9e \u00e0 l\u2019unanimit\u00e9 du Conseil D\u00e9partemental voil\u00e0 l\u2019annonce des fermetures du coll\u00e8ge de Bogny-sur-Meuse et du coll\u00e8ge Roger Salengro. Le dossier ne date pas d\u2019aujourd\u2019hui\u00a0! D\u00e8s 1995, le rectorat avait annonc\u00e9 vouloir fermer des coll\u00e8ges dans les Ardennes. Et c\u2019est en 1973 qu\u2019\u00e0 la suite de l\u2019incendie meurtrier [&hellip;]<\/p>\n","protected":false},"author":4,"featured_media":0,"comment_status":"closed","ping_status":"open","sticky":false,"template":"","format":"standard","meta":{"saved_in_kubio":false,"footnotes":""},"categories":[1],"tags":[],"class_list":["post-3012","post","type-post","status-publish","format-standard","hentry","category-non-classe"],"_links":{"self":[{"href":"https:\/\/pcf08.com\/index.php\/wp-json\/wp\/v2\/posts\/3012","targetHints":{"allow":["GET"]}}],"collection":[{"href":"https:\/\/pcf08.com\/index.php\/wp-json\/wp\/v2\/posts"}],"about":[{"href":"https:\/\/pcf08.com\/index.php\/wp-json\/wp\/v2\/types\/post"}],"author":[{"embeddable":true,"href":"https:\/\/pcf08.com\/index.php\/wp-json\/wp\/v2\/users\/4"}],"replies":[{"embeddable":true,"href":"https:\/\/pcf08.com\/index.php\/wp-json\/wp\/v2\/comments?post=3012"}],"version-history":[{"count":1,"href":"https:\/\/pcf08.com\/index.php\/wp-json\/wp\/v2\/posts\/3012\/revisions"}],"predecessor-version":[{"id":3014,"href":"https:\/\/pcf08.com\/index.php\/wp-json\/wp\/v2\/posts\/3012\/revisions\/3014"}],"wp:attachment":[{"href":"https:\/\/pcf08.com\/index.php\/wp-json\/wp\/v2\/media?parent=3012"}],"wp:term":[{"taxonomy":"category","embeddable":true,"href":"https:\/\/pcf08.com\/index.php\/wp-json\/wp\/v2\/categories?post=3012"},{"taxonomy":"post_tag","embeddable":true,"href":"https:\/\/pcf08.com\/index.php\/wp-json\/wp\/v2\/tags?post=3012"}],"curies":[{"name":"wp","href":"https:\/\/api.w.org\/{rel}","templated":true}]}}