{"id":3010,"date":"2024-06-27T10:50:21","date_gmt":"2024-06-27T08:50:21","guid":{"rendered":"http:\/\/pcf08.com\/?p=3010"},"modified":"2024-06-27T10:50:21","modified_gmt":"2024-06-27T08:50:21","slug":"le-nouveau-front-populaire-peut-et-doit-gagner","status":"publish","type":"post","link":"https:\/\/pcf08.com\/index.php\/2024\/06\/27\/le-nouveau-front-populaire-peut-et-doit-gagner\/","title":{"rendered":"Le Nouveau Front Populaire peut et doit gagner !"},"content":{"rendered":"<pre class=\"western\"><span style=\"font-family: Calibri, sans-serif;\"><span style=\"font-size: medium;\"><img loading=\"lazy\" decoding=\"async\" class=\"size-medium wp-image-2993 alignleft\" src=\"https:\/\/pcf08.com\/wp-content\/uploads\/2024\/06\/nouveaufrontpopulaire-300x114.jpg\" alt=\"\" width=\"300\" height=\"114\" srcset=\"https:\/\/pcf08.com\/wp-content\/uploads\/2024\/06\/nouveaufrontpopulaire-300x114.jpg 300w, https:\/\/pcf08.com\/wp-content\/uploads\/2024\/06\/nouveaufrontpopulaire-1024x390.jpg 1024w, https:\/\/pcf08.com\/wp-content\/uploads\/2024\/06\/nouveaufrontpopulaire-768x292.jpg 768w, https:\/\/pcf08.com\/wp-content\/uploads\/2024\/06\/nouveaufrontpopulaire-1536x584.jpg 1536w, https:\/\/pcf08.com\/wp-content\/uploads\/2024\/06\/nouveaufrontpopulaire-2048x779.jpg 2048w\" sizes=\"(max-width: 300px) 100vw, 300px\" \/>Dans les 10 jours, la gauche peut \u00e9crire un sc\u00e9nario victorieux.<\/span><\/span>\r\n<span style=\"font-family: Calibri, sans-serif;\"><span style=\"font-size: medium;\">Politiques, citoyens, militants, syndicats et associations doivent se saisir de cet \u00e9lan pour imposer un gouvernement de gauche \u00e0 Emmanuel Macron.<\/span><\/span>\r\n<span style=\"font-family: Calibri, sans-serif;\"><span style=\"font-size: medium;\">Les forces de gauche sont unies comme jamais et \u00e7a, il \u00e9tait loin de l'avoir anticip\u00e9 ! B\u00e2tir une union de la gauche sans se renier est \u00e0 la hauteur de cette situation in\u00e9dite dans la p\u00e9riode. Le NFP concr\u00e9tise le rassemblement au-del\u00e0 des courants politiques car l'enjeu est essentiel.<\/span><\/span>\r\n<span style=\"font-family: Calibri, sans-serif;\"><span style=\"font-size: medium;\">La soci\u00e9t\u00e9 civile est aussi partie prenante pour battre l'extr\u00eame droite et faire \u00e9merger un programme de rupture dont elle a cruellement besoin. Collectivement, nous devons nous montrer \u00e0 la hauteur de l'enjeu et de l'urgence.<\/span><\/span>\r\n<span style=\"font-family: Calibri, sans-serif;\"><span style=\"font-size: medium;\">7 ans de casse sociale, de d\u00e9mocratie ab\u00eem\u00e9e, voil\u00e0 le bilan du pr\u00e9sident de la R\u00e9publique et de ses gouvernements successifs. Il veut conduire le RN au pouvoir et s\u2019accommoderait bien d'un Jordan Bardella comme premier ministre\u2026 Ce qu'il n'avait pas pr\u00e9vu, c'est l'\u00e9mergence du NFP regroupant au-del\u00e0 des partis ou mouvement politique. La gauche a su se rassembler, soutenue et encourag\u00e9e par un front social, culturel, sportif et une jeunesse qui s'engage et manifeste.<\/span><\/span>\r\n<span style=\"font-family: Calibri, sans-serif;\"><span style=\"font-size: medium;\">Le chemin de l'espoir est cr\u00e9\u00e9 avec 140 mesures concr\u00e8tes d'urgence et de long terme. Par exemple et comme le dit Fabien Roussel, les plus riches vont financer les \u00e9coles, les h\u00f4pitaux publics, la protection sociale, la S\u00e9curit\u00e9 sociale, par des cotisations. Au cours des n\u00e9gociations, le PCF a insist\u00e9 sur la question cruciale du pouvoir d'achat avec notamment l'augmentation du Smic \u00e0 2 000 \u20ac brut et l'indexation des salaires et des pensions sur l'inflation.<\/span><\/span>\r\n<span style=\"font-family: Calibri, sans-serif;\"><span style=\"font-size: medium;\">Il est de notre responsabilit\u00e9 de convaincre les \u00e9lecteurs mais surtout les abstentionnistes d'aller voter. L'envol des demandes de procuration est une bonne nouvelle.<\/span><\/span>\r\n<span style=\"font-family: Calibri, sans-serif;\"><span style=\"font-size: medium;\">Seule la gauche et le NFP d\u00e9tiennent les clefs d'un changement favorable et concret pour les Fran\u00e7ais qui souffrent. Nous pouvons et nous devons gagner car le \"Macronisme\" est \u00e0 la d\u00e9rive et affaibli comme jamais. \u00c0 tel point que le chef de l'\u00e9tat, avec un cynisme plus que d\u00e9concertant, appelle les Fran\u00e7ais \u00e0 int\u00e9grer l'obtention des JO dans leur vote !...<\/span><\/span>\r\n<span style=\"font-family: Calibri, sans-serif;\"><span style=\"font-size: medium;\">Quant \u00e0 l'extr\u00eame droite, au-del\u00e0 de son racisme et de sa x\u00e9nophobie et avec le soutien des \"R\u00e9publicains\", elle renie jour apr\u00e8s jour toutes ses mesures \"sociales\" pour ne pas se f\u00e2cher et s\u00e9duire la bourgeoisie, les riches et les ultra-riches.<\/span><\/span>\r\n<span style=\"font-family: Calibri, sans-serif;\"><span style=\"font-size: medium;\">L'arriv\u00e9e de l'extr\u00eame droite au pouvoir n'est pas une fatalit\u00e9.<\/span><\/span>\r\n<span style=\"font-family: Calibri, sans-serif;\"><span style=\"font-size: medium;\">Alors, nous devons toutes et tous, communistes en t\u00eate nous lever et soutenir sans aucune r\u00e9serve le NFP.<\/span><\/span>\r\n<span style=\"font-family: Calibri, sans-serif;\"><span style=\"font-size: medium;\">L'espoir du commencement des jours heureux est l\u00e0, il doit devenir r\u00e9alit\u00e9.<\/span><\/span>\r\n<span style=\"font-family: Calibri, sans-serif;\"><span style=\"font-size: medium;\"><span style=\"color: #000000;\">Corine POSTAL<\/span> <\/span><\/span><\/pre>\n","protected":false},"excerpt":{"rendered":"<p>Dans les 10 jours, la gauche peut \u00e9crire un sc\u00e9nario victorieux. Politiques, citoyens, militants, syndicats et associations doivent se saisir de cet \u00e9lan pour imposer un gouvernement de gauche \u00e0 Emmanuel Macron. Les forces de gauche sont unies comme jamais et \u00e7a, il \u00e9tait loin de l&rsquo;avoir anticip\u00e9 ! B\u00e2tir une union de la gauche [&hellip;]<\/p>\n","protected":false},"author":4,"featured_media":0,"comment_status":"closed","ping_status":"open","sticky":false,"template":"","format":"standard","meta":{"saved_in_kubio":false,"footnotes":""},"categories":[1],"tags":[],"class_list":["post-3010","post","type-post","status-publish","format-standard","hentry","category-non-classe"],"_links":{"self":[{"href":"https:\/\/pcf08.com\/index.php\/wp-json\/wp\/v2\/posts\/3010","targetHints":{"allow":["GET"]}}],"collection":[{"href":"https:\/\/pcf08.com\/index.php\/wp-json\/wp\/v2\/posts"}],"about":[{"href":"https:\/\/pcf08.com\/index.php\/wp-json\/wp\/v2\/types\/post"}],"author":[{"embeddable":true,"href":"https:\/\/pcf08.com\/index.php\/wp-json\/wp\/v2\/users\/4"}],"replies":[{"embeddable":true,"href":"https:\/\/pcf08.com\/index.php\/wp-json\/wp\/v2\/comments?post=3010"}],"version-history":[{"count":1,"href":"https:\/\/pcf08.com\/index.php\/wp-json\/wp\/v2\/posts\/3010\/revisions"}],"predecessor-version":[{"id":3011,"href":"https:\/\/pcf08.com\/index.php\/wp-json\/wp\/v2\/posts\/3010\/revisions\/3011"}],"wp:attachment":[{"href":"https:\/\/pcf08.com\/index.php\/wp-json\/wp\/v2\/media?parent=3010"}],"wp:term":[{"taxonomy":"category","embeddable":true,"href":"https:\/\/pcf08.com\/index.php\/wp-json\/wp\/v2\/categories?post=3010"},{"taxonomy":"post_tag","embeddable":true,"href":"https:\/\/pcf08.com\/index.php\/wp-json\/wp\/v2\/tags?post=3010"}],"curies":[{"name":"wp","href":"https:\/\/api.w.org\/{rel}","templated":true}]}}