{"id":2992,"date":"2024-06-20T14:29:00","date_gmt":"2024-06-20T12:29:00","guid":{"rendered":"http:\/\/pcf08.com\/?p=2992"},"modified":"2024-06-20T14:29:00","modified_gmt":"2024-06-20T12:29:00","slug":"lespoir-le-nouveau-front-populaire","status":"publish","type":"post","link":"https:\/\/pcf08.com\/index.php\/2024\/06\/20\/lespoir-le-nouveau-front-populaire\/","title":{"rendered":"L\u2019espoir\u00a0: le Nouveau Front Populaire"},"content":{"rendered":"<p><span style=\"font-family: Calibri, sans-serif;\"><img loading=\"lazy\" decoding=\"async\" class=\"size-medium wp-image-2993 alignleft\" src=\"https:\/\/pcf08.com\/wp-content\/uploads\/2024\/06\/nouveaufrontpopulaire-300x114.jpg\" alt=\"\" width=\"300\" height=\"114\" srcset=\"https:\/\/pcf08.com\/wp-content\/uploads\/2024\/06\/nouveaufrontpopulaire-300x114.jpg 300w, https:\/\/pcf08.com\/wp-content\/uploads\/2024\/06\/nouveaufrontpopulaire-1024x390.jpg 1024w, https:\/\/pcf08.com\/wp-content\/uploads\/2024\/06\/nouveaufrontpopulaire-768x292.jpg 768w, https:\/\/pcf08.com\/wp-content\/uploads\/2024\/06\/nouveaufrontpopulaire-1536x584.jpg 1536w, https:\/\/pcf08.com\/wp-content\/uploads\/2024\/06\/nouveaufrontpopulaire-2048x779.jpg 2048w\" sizes=\"(max-width: 300px) 100vw, 300px\" \/>Apr\u00e8s la stupeur du dimanche soir, la soumission du Pr\u00e9sident de la R\u00e9publique \u00e0 la demande du Rassemblement National de dissoudre l\u2019Assembl\u00e9e Nationale, la r\u00e9action n\u2019a pas tard\u00e9\u00a0! Dans les d\u00e9lais impos\u00e9s, les partis de gauche ont su proposer un programme et des candidats uniques pour faire face \u00e0 la menace de l\u2019extr\u00eame droite et rejeter les politiques macronistes pro CAC 40\u00a0! Bien sur, cela n\u2019est pas sans quelques regrets sur les candidats ou des lignes du programme. Mais l\u2019essentiel est bien l\u00e0\u00a0: la gauche a d\u00e9jou\u00e9 le pi\u00e8ge du Pr\u00e9sident de la R\u00e9publique et se pr\u00e9sente unie aux suffrages des \u00e9lecteurs les 30 juin et 7 juillet.<\/span><\/p>\n<p><span style=\"font-family: Calibri, sans-serif;\">Mieux encore, ce Nouveau Front Populaire s\u2019accompagne d\u2019un engagement citoyen in\u00e9dit, avec d\u00e8s le week-end dernier de grandes manifestations contre l\u2019extr\u00eame droite \u00e0 l\u2019initiative des syndicats et d\u2019associations comme la LDH \u00e0 l\u2019origine d\u2019un grand appel pluraliste. Ce mouvement citoyen est une garantie pour l\u2019avenir\u00a0: les d\u00e9put\u00e9s du Nouveau Front Populaire ne seront pas seuls vis \u00e0 vis de l\u2019oligarchie financi\u00e8re qui voit dans le Rassemblement National une roue de secours \u00e0 Jupiter.<\/span><\/p>\n<p><span style=\"font-family: Calibri, sans-serif;\">Rappelons quelques \u00e9l\u00e9ments du programme du Nouveau Front Populaire\u00a0: d\u2019embl\u00e9e quelques mesures pouvant \u00eatre prises par d\u00e9cret d\u00e8s la nomination du nouveau gouvernement comme l\u2019augmentation du SMIC \u00e0 1600 \u20ac net (2000\u20ac brut) et un calendrier de r\u00e9formes pour r\u00e9pondre \u00e0 l\u2019urgence sociale, celle du pouvoir d\u2019achat, celle de l\u2019acc\u00e8s aux services publics, pour r\u00e9pondre \u00e0 l\u2019urgence \u00e9cologique avec des mesures permettant d\u2019atteindre la neutralit\u00e9 carbone en 2050, ce qui suppose des politiques nouvelles, offensives du logement, du transport mais aussi une r\u00e9industrialisation de notre pays plus vertueuse \u00e9cologiquement que nos importations. Ce programme, c\u2019est aussi \u00e9videmment tout faire pour la paix dans le monde, la reconnaissance de l\u2019\u00c9tat de Palestine, la la\u00efcit\u00e9, la lutte contre les discriminations et l\u2019antis\u00e9mitisme et le racisme \u2026<\/span><\/p>\n<p><span style=\"font-family: Calibri, sans-serif;\">Le 30 juin on vote pour les candidats du Nouveau Front Populaire.<\/span><\/p>\n<p align=\"right\"><span style=\"font-family: Calibri, sans-serif;\">Mich\u00e8le LEFLON<\/span><\/p>\n","protected":false},"excerpt":{"rendered":"<p>Apr\u00e8s la stupeur du dimanche soir, la soumission du Pr\u00e9sident de la R\u00e9publique \u00e0 la demande du Rassemblement National de dissoudre l\u2019Assembl\u00e9e Nationale, la r\u00e9action n\u2019a pas tard\u00e9\u00a0! Dans les d\u00e9lais impos\u00e9s, les partis de gauche ont su proposer un programme et des candidats uniques pour faire face \u00e0 la menace de l\u2019extr\u00eame droite et [&hellip;]<\/p>\n","protected":false},"author":4,"featured_media":0,"comment_status":"closed","ping_status":"open","sticky":false,"template":"","format":"standard","meta":{"saved_in_kubio":false,"footnotes":""},"categories":[1],"tags":[],"class_list":["post-2992","post","type-post","status-publish","format-standard","hentry","category-non-classe"],"_links":{"self":[{"href":"https:\/\/pcf08.com\/index.php\/wp-json\/wp\/v2\/posts\/2992","targetHints":{"allow":["GET"]}}],"collection":[{"href":"https:\/\/pcf08.com\/index.php\/wp-json\/wp\/v2\/posts"}],"about":[{"href":"https:\/\/pcf08.com\/index.php\/wp-json\/wp\/v2\/types\/post"}],"author":[{"embeddable":true,"href":"https:\/\/pcf08.com\/index.php\/wp-json\/wp\/v2\/users\/4"}],"replies":[{"embeddable":true,"href":"https:\/\/pcf08.com\/index.php\/wp-json\/wp\/v2\/comments?post=2992"}],"version-history":[{"count":1,"href":"https:\/\/pcf08.com\/index.php\/wp-json\/wp\/v2\/posts\/2992\/revisions"}],"predecessor-version":[{"id":2994,"href":"https:\/\/pcf08.com\/index.php\/wp-json\/wp\/v2\/posts\/2992\/revisions\/2994"}],"wp:attachment":[{"href":"https:\/\/pcf08.com\/index.php\/wp-json\/wp\/v2\/media?parent=2992"}],"wp:term":[{"taxonomy":"category","embeddable":true,"href":"https:\/\/pcf08.com\/index.php\/wp-json\/wp\/v2\/categories?post=2992"},{"taxonomy":"post_tag","embeddable":true,"href":"https:\/\/pcf08.com\/index.php\/wp-json\/wp\/v2\/tags?post=2992"}],"curies":[{"name":"wp","href":"https:\/\/api.w.org\/{rel}","templated":true}]}}