{"id":2945,"date":"2024-05-30T13:20:49","date_gmt":"2024-05-30T11:20:49","guid":{"rendered":"http:\/\/pcf08.com\/?p=2945"},"modified":"2024-05-30T13:20:49","modified_gmt":"2024-05-30T11:20:49","slug":"une-campagne-de-fond-a-fond-dans-la-campagne","status":"publish","type":"post","link":"https:\/\/pcf08.com\/index.php\/2024\/05\/30\/une-campagne-de-fond-a-fond-dans-la-campagne\/","title":{"rendered":"Une campagne de fond \u00e0 fond dans la campagne"},"content":{"rendered":"<p align=\"justify\"><span style=\"font-family: Calibri, sans-serif;\"><span style=\"font-size: medium;\"><img loading=\"lazy\" decoding=\"async\" class=\"size-medium wp-image-2946 alignright\" src=\"https:\/\/pcf08.com\/wp-content\/uploads\/2024\/05\/Invitation-2-212x300.jpg\" alt=\"\" width=\"212\" height=\"300\" srcset=\"https:\/\/pcf08.com\/wp-content\/uploads\/2024\/05\/Invitation-2-212x300.jpg 212w, https:\/\/pcf08.com\/wp-content\/uploads\/2024\/05\/Invitation-2-724x1024.jpg 724w, https:\/\/pcf08.com\/wp-content\/uploads\/2024\/05\/Invitation-2-768x1086.jpg 768w, https:\/\/pcf08.com\/wp-content\/uploads\/2024\/05\/Invitation-2.jpg 800w\" sizes=\"(max-width: 212px) 100vw, 212px\" \/>Cette fois nous y sommes, dans une dizaine de jours les \u00e9lecteurs europ\u00e9ens auront fait leur choix, pour une Europe ayant la volont\u00e9 d\u2019aller vers plus d\u2019\u00e9quit\u00e9, de libert\u00e9, de paix ou au contraire une Europe avec encore plus d\u2019in\u00e9galit\u00e9s, de course aux profits, fermant les yeux sur les ing\u00e9rences de certains dictateurs mettant en grave danger la Paix mondiale.<\/span><\/span><\/p>\n<p align=\"justify\"><span style=\"font-family: Calibri, sans-serif;\"><span style=\"font-size: medium;\">Les communistes ardennais, loin de se r\u00e9signer au fatalisme et au renoncement d\u2019une grande partie de nos concitoyens laissant le champ libre aux id\u00e9es naus\u00e9abondes et r\u00e9trogrades d\u2019une extr\u00eame droite se voyant arriver au pouvoir, se sont mobilis\u00e9s en masse aux quatre coins de notre d\u00e9partement pour convaincre que le vote aux europ\u00e9ennes \u00e9tait capital. En expliquant avec force d\u2019arguments que la situation politique actuelle dans sa confusion et sa gravit\u00e9 n\u00e9cessitait des engagements clairs pour affronter les d\u00e9fis (questions sociales, climat, paix\u2026) qui vont \u00eatre le proche avenir de l\u2019Europe mais aussi de la France.<\/span><\/span><\/p>\n<p align=\"justify\"><span style=\"font-family: Calibri, sans-serif;\"><span style=\"font-size: medium;\">Le point d\u2019orgue de cette campagne sera la r\u00e9union publique organis\u00e9e par la f\u00e9d\u00e9ration salle de NEVERS \u00e0 Charleville-M\u00e9zi\u00e8res le lundi 3 juin 2024 \u00e0 18h30 anim\u00e9e par notre candidate, secr\u00e9taire de section de Charleville-M\u00e9zi\u00e8res, Ir\u00e8ne PERRIN TOININ assist\u00e9e par Marie-Claire CAILLETEAU, \u00e9galement candidate, syndicaliste conseill\u00e8re honoraire au CESE.<\/span><\/span><\/p>\n<p align=\"justify\"><span style=\"font-family: Calibri, sans-serif;\"><span style=\"font-size: medium;\">Tous les militants et sympathisants se doivent de mobiliser tous leurs proches et leur entourage pour faire de cette soir\u00e9e du 3 juin 2024 un succ\u00e8s massif de mani\u00e8re \u00e0 concr\u00e9tiser et d\u00e9montrer, le dimanche 9 juin 2024, que c\u2019est la voix de la France du travail, de la cr\u00e9ation, de la Paix et de la libert\u00e9 que nous voulons faire entendre au parlement europ\u00e9en\u00a0!<\/span><\/span><\/p>\n<p align=\"justify\"><span style=\"color: #000000;\"><span style=\"font-family: Calibri, sans-serif;\"><span style=\"font-size: medium;\"> Patrick LATTUADA<\/span><\/span><\/span><\/p>\n","protected":false},"excerpt":{"rendered":"<p>Cette fois nous y sommes, dans une dizaine de jours les \u00e9lecteurs europ\u00e9ens auront fait leur choix, pour une Europe ayant la volont\u00e9 d\u2019aller vers plus d\u2019\u00e9quit\u00e9, de libert\u00e9, de paix ou au contraire une Europe avec encore plus d\u2019in\u00e9galit\u00e9s, de course aux profits, fermant les yeux sur les ing\u00e9rences de certains dictateurs mettant en [&hellip;]<\/p>\n","protected":false},"author":4,"featured_media":0,"comment_status":"closed","ping_status":"open","sticky":false,"template":"","format":"standard","meta":{"saved_in_kubio":false,"footnotes":""},"categories":[1],"tags":[],"class_list":["post-2945","post","type-post","status-publish","format-standard","hentry","category-non-classe"],"_links":{"self":[{"href":"https:\/\/pcf08.com\/index.php\/wp-json\/wp\/v2\/posts\/2945","targetHints":{"allow":["GET"]}}],"collection":[{"href":"https:\/\/pcf08.com\/index.php\/wp-json\/wp\/v2\/posts"}],"about":[{"href":"https:\/\/pcf08.com\/index.php\/wp-json\/wp\/v2\/types\/post"}],"author":[{"embeddable":true,"href":"https:\/\/pcf08.com\/index.php\/wp-json\/wp\/v2\/users\/4"}],"replies":[{"embeddable":true,"href":"https:\/\/pcf08.com\/index.php\/wp-json\/wp\/v2\/comments?post=2945"}],"version-history":[{"count":1,"href":"https:\/\/pcf08.com\/index.php\/wp-json\/wp\/v2\/posts\/2945\/revisions"}],"predecessor-version":[{"id":2947,"href":"https:\/\/pcf08.com\/index.php\/wp-json\/wp\/v2\/posts\/2945\/revisions\/2947"}],"wp:attachment":[{"href":"https:\/\/pcf08.com\/index.php\/wp-json\/wp\/v2\/media?parent=2945"}],"wp:term":[{"taxonomy":"category","embeddable":true,"href":"https:\/\/pcf08.com\/index.php\/wp-json\/wp\/v2\/categories?post=2945"},{"taxonomy":"post_tag","embeddable":true,"href":"https:\/\/pcf08.com\/index.php\/wp-json\/wp\/v2\/tags?post=2945"}],"curies":[{"name":"wp","href":"https:\/\/api.w.org\/{rel}","templated":true}]}}