{"id":2936,"date":"2024-05-23T10:13:49","date_gmt":"2024-05-23T08:13:49","guid":{"rendered":"http:\/\/pcf08.com\/?p=2936"},"modified":"2024-05-23T10:13:49","modified_gmt":"2024-05-23T08:13:49","slug":"lart-macronien-de-la-communication-faisandee","status":"publish","type":"post","link":"https:\/\/pcf08.com\/index.php\/2024\/05\/23\/lart-macronien-de-la-communication-faisandee\/","title":{"rendered":"L\u2019art macronien de la communication faisand\u00e9e"},"content":{"rendered":"<p align=\"justify\"><span style=\"font-family: Calibri, sans-serif;\"><span style=\"font-size: medium;\">\u00ab Choose France \u00bb, \u00e7a vous parle ? Pour Macron, c\u2019est \u00e9videmment plus classe que \u00ab Choisir la France \u00bb ou que le ringard Montebourg avec son \u00ab Made in France \u00bb. De quoi s\u2019agit-il donc ? Eh bien, chaque ann\u00e9e, depuis 2018, Macron s\u2019offre ce qu\u2019il appelle un sommet organis\u00e9 avec moult patrons fran\u00e7ais et \u00e9trangers qui ne se font pas prier, fiscalement choy\u00e9s qu\u2019ils sont par le Pr\u00e9sident de la R\u00e9publique depuis son premier mandat. A cette occasion, on voit poindre annuellement un paquet de milliards d\u2019investissements \u00e9conomiques sens\u00e9s r\u00e9industrialiser la France. Mais quand on gratte un peu, on voit rapidement qu\u2019il s\u2019agit en bonne partie d\u2019une grande campagne de \u00ab\u00a0com\u00a0\u00bb, souvent vide de concr\u00e9tisation. Et les Ardennes en ont h\u00e9las trop souvent fait les frais : on se souvient facilement des centaines d\u2019emplois promis par les cycles Mercier \u00e0 Revin ou, mieux, le millier d\u2019emplois parrain\u00e9s \u00e0 grands renforts m\u00e9diatiques par Macron lui-m\u00eame en 2018, en compagnie du patron de Cevital, emplois qui sont vite partis sous le tapis. Mais, cette ann\u00e9e, c\u2019est le pompon : pensez, 15 milliards d\u2019euros annonc\u00e9s pour l\u2019\u00e9conomie fran\u00e7aise, un record para\u00eet-il. Malheureusement, \u00e0 y regarder de pr\u00e8s, il s\u2019agit surtout du recyclage d\u2019annonces maintes fois serin\u00e9es depuis pas mal de temps. Mais, cocorico, les Ardennes ne sont pas oubli\u00e9es ! Pensez : 6 nouvelles \u00e9oliennes sont annonc\u00e9es en sus des centaines de moulins d\u00e9j\u00e0 existants ou \u00e0 l\u2019\u00e9tude. Bigre ! H\u00e9las, non seulement il ne s\u2019agit pas d\u2019un projet nouveau, loin s\u2019en faut, mais ces 6 \u00e9oliennes, d\u2019ailleurs fabriqu\u00e9es loin de chez nous, ne sont pas vraiment de nature \u00e0 relancer notre industrie.<\/span><\/span><\/p>\n<p align=\"right\"><span style=\"font-family: Calibri, sans-serif;\"><span style=\"font-size: medium;\">Patrick TASSIN<\/span><\/span><\/p>\n","protected":false},"excerpt":{"rendered":"<p>\u00ab Choose France \u00bb, \u00e7a vous parle ? Pour Macron, c\u2019est \u00e9videmment plus classe que \u00ab Choisir la France \u00bb ou que le ringard Montebourg avec son \u00ab Made in France \u00bb. De quoi s\u2019agit-il donc ? Eh bien, chaque ann\u00e9e, depuis 2018, Macron s\u2019offre ce qu\u2019il appelle un sommet organis\u00e9 avec moult patrons fran\u00e7ais [&hellip;]<\/p>\n","protected":false},"author":4,"featured_media":0,"comment_status":"closed","ping_status":"open","sticky":false,"template":"","format":"standard","meta":{"saved_in_kubio":false,"footnotes":""},"categories":[1],"tags":[],"class_list":["post-2936","post","type-post","status-publish","format-standard","hentry","category-non-classe"],"_links":{"self":[{"href":"https:\/\/pcf08.com\/index.php\/wp-json\/wp\/v2\/posts\/2936","targetHints":{"allow":["GET"]}}],"collection":[{"href":"https:\/\/pcf08.com\/index.php\/wp-json\/wp\/v2\/posts"}],"about":[{"href":"https:\/\/pcf08.com\/index.php\/wp-json\/wp\/v2\/types\/post"}],"author":[{"embeddable":true,"href":"https:\/\/pcf08.com\/index.php\/wp-json\/wp\/v2\/users\/4"}],"replies":[{"embeddable":true,"href":"https:\/\/pcf08.com\/index.php\/wp-json\/wp\/v2\/comments?post=2936"}],"version-history":[{"count":1,"href":"https:\/\/pcf08.com\/index.php\/wp-json\/wp\/v2\/posts\/2936\/revisions"}],"predecessor-version":[{"id":2937,"href":"https:\/\/pcf08.com\/index.php\/wp-json\/wp\/v2\/posts\/2936\/revisions\/2937"}],"wp:attachment":[{"href":"https:\/\/pcf08.com\/index.php\/wp-json\/wp\/v2\/media?parent=2936"}],"wp:term":[{"taxonomy":"category","embeddable":true,"href":"https:\/\/pcf08.com\/index.php\/wp-json\/wp\/v2\/categories?post=2936"},{"taxonomy":"post_tag","embeddable":true,"href":"https:\/\/pcf08.com\/index.php\/wp-json\/wp\/v2\/tags?post=2936"}],"curies":[{"name":"wp","href":"https:\/\/api.w.org\/{rel}","templated":true}]}}