{"id":2933,"date":"2024-05-23T10:13:06","date_gmt":"2024-05-23T08:13:06","guid":{"rendered":"http:\/\/pcf08.com\/?p=2933"},"modified":"2024-05-23T10:13:06","modified_gmt":"2024-05-23T08:13:06","slug":"une-loi-aux-relents-coloniaux","status":"publish","type":"post","link":"https:\/\/pcf08.com\/index.php\/2024\/05\/23\/une-loi-aux-relents-coloniaux\/","title":{"rendered":"Une loi aux relents coloniaux"},"content":{"rendered":"<p align=\"justify\"><span style=\"font-family: Calibri, sans-serif;\"><span style=\"font-size: medium;\"><img loading=\"lazy\" decoding=\"async\" class=\"size-medium wp-image-2934 alignleft\" src=\"https:\/\/pcf08.com\/wp-content\/uploads\/2024\/05\/canakry-300x175.png\" alt=\"\" width=\"300\" height=\"175\" srcset=\"https:\/\/pcf08.com\/wp-content\/uploads\/2024\/05\/canakry-300x175.png 300w, https:\/\/pcf08.com\/wp-content\/uploads\/2024\/05\/canakry.png 611w\" sizes=\"(max-width: 300px) 100vw, 300px\" \/>Le projet de loi examin\u00e9 et vot\u00e9 le 13 mai portant modification du corps \u00e9lectoral pour les \u00e9lections au congr\u00e8s et aux assembl\u00e9es de province de la Nouvelle Cal\u00e9donie ouvre la voie \u00e0 son adoption par le Congr\u00e8s.<\/span><\/span><\/p>\n<p align=\"justify\"><span style=\"font-family: Calibri, sans-serif;\"><span style=\"font-size: medium;\">Le sujet a remis le feu aux poudres et il fallait s\u2019y attendre\u00a0!<\/span><\/span><\/p>\n<p align=\"justify\"><span style=\"font-family: Calibri, sans-serif;\"><span style=\"font-size: medium;\">Une \u00e9ni\u00e8me tentative de passage en force d\u00e9nonc\u00e9e lors de son examen au S\u00e9nat le 26 mars par le s\u00e9nateur du groupe CRCE-K, Robert Xomie.<\/span><\/span><\/p>\n<p align=\"justify\"><span style=\"font-family: Calibri, sans-serif;\"><span style=\"font-size: medium;\">Le rapporteur de la loi\u00a0: Nicolas Metzdorf, d\u00e9put\u00e9 anti-ind\u00e9pendantiste ralli\u00e9 \u00e0 Renaissance\u00a0!<\/span><\/span><\/p>\n<p align=\"justify\"><span style=\"font-family: Calibri, sans-serif;\"><span style=\"font-size: medium;\">Vouloir modifier le corps \u00e9lectoral gel\u00e9 en 1998 par l\u2019accord de Noum\u00e9a est suicidaire. Il consacre la citoyennet\u00e9 cal\u00e9donienne et d\u00e9finit 3 corps \u00e9lectoraux. Tout d\u2019abord pour les r\u00e9f\u00e9rendums, ensuite pour les provinciales et enfin pour les municipales, l\u00e9gislatives et pr\u00e9sidentielles o\u00f9 tous les r\u00e9sidents peuvent voter.<\/span><\/span><\/p>\n<p align=\"justify\"><span style=\"font-family: Calibri, sans-serif;\"><span style=\"font-size: medium;\">La relance du d\u00e9gel du corps \u00e9lectoral sous couvert de d\u00e9mocratie divise le pays.<\/span><\/span><\/p>\n<p align=\"justify\"><span style=\"font-family: Calibri, sans-serif;\"><span style=\"font-size: medium;\">Le 26 mars, le FLNKS a d\u2019ailleurs r\u00e9agi d\u00e9non\u00e7ant ceux qui cherchent \u00e0 d\u00e9stabiliser les institutions et le pays pour esp\u00e9rer r\u00e9cup\u00e9rer le pouvoir par la force.<\/span><\/span><\/p>\n<p align=\"justify\"><span style=\"font-family: Calibri, sans-serif;\"><span style=\"font-size: medium;\">Par l\u2019interm\u00e9diaire de son ancienne ministre Sonia Back\u00e8s, Emmanuel Macron veut s\u2019attaquer au gouvernement \u00e0 majorit\u00e9 ind\u00e9pendantiste. Elle joue \u00e0 Paris les d\u00e9mocrates et \u00e0 Noum\u00e9a s\u2019en prend violemment au gouvernement de Louis Mapou en targuant qu\u2019il n\u2019est plus l\u00e9gitime\u00a0!<\/span><\/span><\/p>\n<p align=\"justify\"><span style=\"font-family: Calibri, sans-serif;\"><span style=\"font-size: medium;\">Le chef du gouvernement, lui, a d\u00e9nonc\u00e9 des vis\u00e9es \u00e9lectoralistes, les provinciales d\u00e9j\u00e0 report\u00e9es devant se tenir avant la fin de l\u2019ann\u00e9e.<\/span><\/span><\/p>\n<p align=\"justify\"><span style=\"font-family: Calibri, sans-serif;\"><span style=\"font-size: medium;\">L\u2019\u00c9tat semble avoir choisi son camp. Tous les dirigeants actuels se sont prononc\u00e9s pour le maintien <span style=\"color: #444444;\">de la KFC dans la France.<\/span> Une mission de m\u00e9diation a \u00e9t\u00e9 demand\u00e9e par le FLNKS dans le cadre du processus de d\u00e9colonisation irr\u00e9versible engag\u00e9.<\/span><\/span><\/p>\n<p align=\"justify\"><span style=\"font-family: Calibri, sans-serif;\"><span style=\"font-size: medium;\">En mars dernier, le risque d\u2019embrasement r\u00e9el avait \u00e9t\u00e9 rapport\u00e9 par les membres de la mission.<\/span><\/span><\/p>\n<p align=\"justify\"><span style=\"font-family: Calibri, sans-serif;\"><span style=\"font-size: medium;\">Aujourd\u2019hui, la Kanaky s\u2019est enflamm\u00e9e et le gouvernement, responsable de cette situation condamne et r\u00e9agit avec ses muscles plut\u00f4t que de chercher \u00e0 apaiser la situation.<\/span><\/span><\/p>\n<p align=\"justify\"><span style=\"font-family: Calibri, sans-serif;\"><span style=\"font-size: medium;\">Le 14 mai, Andr\u00e9 Chassaigne, pr\u00e9sident du groupe communiste \u00e0 l\u2019Assembl\u00e9e Nationale est intervenu en d\u00e9non\u00e7ant la grave erreur du gouvernement de vouloir passer en force, expliquant qu\u2019une discussion pr\u00e9alable avec les diff\u00e9rentes parties aurait d\u00fb permettre de pouvoir arriver \u00e0 un consensus.<\/span><\/span><\/p>\n<p align=\"justify\"><span style=\"font-family: Calibri, sans-serif;\"><span style=\"font-size: medium;\">Apr\u00e8s avoir allum\u00e9 le feu, le pr\u00e9sident de la R\u00e9publique est dans l\u2019avion pour essayer de l\u2019\u00e9teindre\u2026<br \/>\nDont acte, nous attendons la suite&#8230;<\/span><\/span><\/p>\n<p align=\"justify\"><span style=\"font-family: Calibri, sans-serif;\"><span style=\"font-size: medium;\"> Corine POSTAL<\/span><\/span><\/p>\n","protected":false},"excerpt":{"rendered":"<p>Le projet de loi examin\u00e9 et vot\u00e9 le 13 mai portant modification du corps \u00e9lectoral pour les \u00e9lections au congr\u00e8s et aux assembl\u00e9es de province de la Nouvelle Cal\u00e9donie ouvre la voie \u00e0 son adoption par le Congr\u00e8s. Le sujet a remis le feu aux poudres et il fallait s\u2019y attendre\u00a0! Une \u00e9ni\u00e8me tentative de [&hellip;]<\/p>\n","protected":false},"author":4,"featured_media":0,"comment_status":"closed","ping_status":"open","sticky":false,"template":"","format":"standard","meta":{"saved_in_kubio":false,"footnotes":""},"categories":[1],"tags":[],"class_list":["post-2933","post","type-post","status-publish","format-standard","hentry","category-non-classe"],"_links":{"self":[{"href":"https:\/\/pcf08.com\/index.php\/wp-json\/wp\/v2\/posts\/2933","targetHints":{"allow":["GET"]}}],"collection":[{"href":"https:\/\/pcf08.com\/index.php\/wp-json\/wp\/v2\/posts"}],"about":[{"href":"https:\/\/pcf08.com\/index.php\/wp-json\/wp\/v2\/types\/post"}],"author":[{"embeddable":true,"href":"https:\/\/pcf08.com\/index.php\/wp-json\/wp\/v2\/users\/4"}],"replies":[{"embeddable":true,"href":"https:\/\/pcf08.com\/index.php\/wp-json\/wp\/v2\/comments?post=2933"}],"version-history":[{"count":1,"href":"https:\/\/pcf08.com\/index.php\/wp-json\/wp\/v2\/posts\/2933\/revisions"}],"predecessor-version":[{"id":2935,"href":"https:\/\/pcf08.com\/index.php\/wp-json\/wp\/v2\/posts\/2933\/revisions\/2935"}],"wp:attachment":[{"href":"https:\/\/pcf08.com\/index.php\/wp-json\/wp\/v2\/media?parent=2933"}],"wp:term":[{"taxonomy":"category","embeddable":true,"href":"https:\/\/pcf08.com\/index.php\/wp-json\/wp\/v2\/categories?post=2933"},{"taxonomy":"post_tag","embeddable":true,"href":"https:\/\/pcf08.com\/index.php\/wp-json\/wp\/v2\/tags?post=2933"}],"curies":[{"name":"wp","href":"https:\/\/api.w.org\/{rel}","templated":true}]}}