{"id":2927,"date":"2024-05-16T13:20:02","date_gmt":"2024-05-16T11:20:02","guid":{"rendered":"http:\/\/pcf08.com\/?p=2927"},"modified":"2024-05-16T13:20:02","modified_gmt":"2024-05-16T11:20:02","slug":"les-anti-revolutionnaires-ne-desarment-pas","status":"publish","type":"post","link":"https:\/\/pcf08.com\/index.php\/2024\/05\/16\/les-anti-revolutionnaires-ne-desarment-pas\/","title":{"rendered":"Les anti-r\u00e9volutionnaires ne d\u00e9sarment pas"},"content":{"rendered":"<p align=\"justify\"><span style=\"font-family: Calibri, sans-serif;\"><span style=\"font-size: small;\"><span style=\"color: #000000;\"><img loading=\"lazy\" decoding=\"async\" class=\"size-medium wp-image-2928 alignright\" src=\"https:\/\/pcf08.com\/wp-content\/uploads\/2024\/05\/valmy-300x189.jpg\" alt=\"\" width=\"300\" height=\"189\" srcset=\"https:\/\/pcf08.com\/wp-content\/uploads\/2024\/05\/valmy-300x189.jpg 300w, https:\/\/pcf08.com\/wp-content\/uploads\/2024\/05\/valmy.jpg 348w\" sizes=\"(max-width: 300px) 100vw, 300px\" \/>En mai 2022 un <\/span><span style=\"color: #000000;\">\u00e9l\u00e9ment<\/span><span style=\"color: #000000;\"> du patrimoine Fran\u00e7ais a subi des <\/span><span style=\"color: #000000;\">d\u00e9g\u00e2ts <\/span><span style=\"color: #000000;\">importants <\/span><span style=\"color: #000000;\">en raison de la <\/span><span style=\"color: #000000;\">temp\u00eate.<\/span><span style=\"color: #000000;\"> Il <\/span><span style=\"color: #000000;\">s\u2019agit<\/span><span style=\"color: #000000;\"> du Moulin de VALMY (Marne). Les <\/span><span style=\"color: #000000;\">d\u00e9g\u00e2ts<\/span><span style=\"color: #000000;\"> sur l\u2019\u00e9difice sont importants notamment avec la perte des ailes du Moulin. <\/span><span style=\"color: #000000;\">Pour une remise en \u00e9tat le<\/span><span style=\"color: #000000;\"> montant des travaux <\/span><span style=\"color: #000000;\">s\u2019\u00e9l\u00e8ve<\/span><span style=\"color: #000000;\"> \u00e0 164 000 euros.<\/span><\/span><\/span><\/p>\n<p align=\"justify\"><span style=\"color: #000000;\"><span style=\"font-family: Calibri, sans-serif;\"><span style=\"font-size: small;\">L\u2019histoire de ce symbole de la R\u00e9publique remonte \u00e0 1792. En septembre de cette ann\u00e9e l\u00e0 les troupes r\u00e9volutionnaires devaient battre les Prussiens dont la volont\u00e9 \u00e9taient de combattre la R\u00e9volution Fran\u00e7aise pour r\u00e9instaurer le roi et la monarchie.<\/span><\/span><\/span><\/p>\n<p align=\"justify\"><span style=\"color: #000000;\"><span style=\"font-family: Calibri, sans-serif;\"><span style=\"font-size: small;\">La comm\u00e9moration de ce monument historique devrait amener les collectivit\u00e9s territoriales \u00e0 se porter garantes du patrimoine et \u00e0 tout faire pour r\u00e9nover ce Moulin.<\/span><\/span><\/span><\/p>\n<p align=\"justify\"><span style=\"color: #000000;\"><span style=\"font-family: Calibri, sans-serif;\"><span style=\"font-size: small;\">Pourtant, \u00e0 l\u2019occasion d\u2019un r\u00e9cent d\u00e9bat au Conseil R\u00e9gional Grand Est, la majorit\u00e9 de droite a refus\u00e9 de financer les travaux. Cette attitude range les conseillers r\u00e9gionaux de droite du c\u00f4t\u00e9 des troupes anti-r\u00e9volutionnaires. C\u2019est une remise en cause de l\u2019Histoire de notre pays. Devant le toll\u00e9 qu\u2019a suscit\u00e9 cette attitude aujourd\u2019hui le discours de la droite a \u00e9volu\u00e9. La R\u00e9gion veut bien participer au financement des travaux seulement si un dossier complet est pr\u00e9sent\u00e9.<\/span><\/span><\/span><\/p>\n<p align=\"justify\"><span style=\"color: #000000;\"><span style=\"font-family: Calibri, sans-serif;\"><span style=\"font-size: small;\">La visite du Moulin est toujours possible. Ceux qui passent dans la Marne peuvent, par leur pr\u00e9sence, montrer la solidarit\u00e9 pour exiger la r\u00e9novation du Moulin.<\/span><\/span><\/span><\/p>\n<p align=\"right\"><span style=\"color: #000000;\"><span style=\"font-family: Calibri, sans-serif;\"><span style=\"font-size: small;\">Sylvain DALLA ROSA<\/span><\/span><\/span><\/p>\n","protected":false},"excerpt":{"rendered":"<p>En mai 2022 un \u00e9l\u00e9ment du patrimoine Fran\u00e7ais a subi des d\u00e9g\u00e2ts importants en raison de la temp\u00eate. Il s\u2019agit du Moulin de VALMY (Marne). Les d\u00e9g\u00e2ts sur l\u2019\u00e9difice sont importants notamment avec la perte des ailes du Moulin. Pour une remise en \u00e9tat le montant des travaux s\u2019\u00e9l\u00e8ve \u00e0 164 000 euros. L\u2019histoire de [&hellip;]<\/p>\n","protected":false},"author":4,"featured_media":0,"comment_status":"closed","ping_status":"open","sticky":false,"template":"","format":"standard","meta":{"saved_in_kubio":false,"footnotes":""},"categories":[1],"tags":[],"class_list":["post-2927","post","type-post","status-publish","format-standard","hentry","category-non-classe"],"_links":{"self":[{"href":"https:\/\/pcf08.com\/index.php\/wp-json\/wp\/v2\/posts\/2927","targetHints":{"allow":["GET"]}}],"collection":[{"href":"https:\/\/pcf08.com\/index.php\/wp-json\/wp\/v2\/posts"}],"about":[{"href":"https:\/\/pcf08.com\/index.php\/wp-json\/wp\/v2\/types\/post"}],"author":[{"embeddable":true,"href":"https:\/\/pcf08.com\/index.php\/wp-json\/wp\/v2\/users\/4"}],"replies":[{"embeddable":true,"href":"https:\/\/pcf08.com\/index.php\/wp-json\/wp\/v2\/comments?post=2927"}],"version-history":[{"count":1,"href":"https:\/\/pcf08.com\/index.php\/wp-json\/wp\/v2\/posts\/2927\/revisions"}],"predecessor-version":[{"id":2929,"href":"https:\/\/pcf08.com\/index.php\/wp-json\/wp\/v2\/posts\/2927\/revisions\/2929"}],"wp:attachment":[{"href":"https:\/\/pcf08.com\/index.php\/wp-json\/wp\/v2\/media?parent=2927"}],"wp:term":[{"taxonomy":"category","embeddable":true,"href":"https:\/\/pcf08.com\/index.php\/wp-json\/wp\/v2\/categories?post=2927"},{"taxonomy":"post_tag","embeddable":true,"href":"https:\/\/pcf08.com\/index.php\/wp-json\/wp\/v2\/tags?post=2927"}],"curies":[{"name":"wp","href":"https:\/\/api.w.org\/{rel}","templated":true}]}}