{"id":2921,"date":"2024-05-16T13:17:55","date_gmt":"2024-05-16T11:17:55","guid":{"rendered":"http:\/\/pcf08.com\/?p=2921"},"modified":"2024-05-16T13:17:55","modified_gmt":"2024-05-16T11:17:55","slug":"reprenons-la-main-le-9-juin","status":"publish","type":"post","link":"https:\/\/pcf08.com\/index.php\/2024\/05\/16\/reprenons-la-main-le-9-juin\/","title":{"rendered":"Reprenons la main le 9 juin"},"content":{"rendered":"<p align=\"justify\"><span style=\"color: #000000;\"><span style=\"font-family: Calibri, sans-serif;\"><span style=\"font-size: medium;\"><img loading=\"lazy\" decoding=\"async\" class=\"size-medium wp-image-2922 alignleft\" src=\"https:\/\/pcf08.com\/wp-content\/uploads\/2024\/05\/visuel23-mai-300x251.jpg\" alt=\"\" width=\"300\" height=\"251\" srcset=\"https:\/\/pcf08.com\/wp-content\/uploads\/2024\/05\/visuel23-mai-300x251.jpg 300w, https:\/\/pcf08.com\/wp-content\/uploads\/2024\/05\/visuel23-mai-768x644.jpg 768w, https:\/\/pcf08.com\/wp-content\/uploads\/2024\/05\/visuel23-mai.jpg 940w\" sizes=\"(max-width: 300px) 100vw, 300px\" \/>Dans moins d\u2019un mois auront lieu les \u00e9lections europ\u00e9ennes. Des \u00e9lections pas importantes\u00a0? Oh que si\u00a0! Ce sont les politiques europ\u00e9ennes qui mettent en concurrence les salari\u00e9s entre eux pour tirer vers le bas les salaires. Ce sont elles aussi qui exigent des r\u00e9ductions dans les d\u00e9penses publiques mena\u00e7ant l\u2019\u00e9cole, la sant\u00e9, la justice \u2026 La liste des cons\u00e9quences des politiques europ\u00e9ennes men\u00e9es pour la finance, contre les peuples, est longue. Ceci n\u2019exon\u00e8re bien sur pas nos gouvernants de leur responsabilit\u00e9. Ils pourraient s\u2019opposer \u00e0 ces politiques, ils ne font que les d\u00e9fendre\u00a0!<\/span><\/span><\/span><\/p>\n<p align=\"justify\"><span style=\"color: #000000;\"><span style=\"font-family: Calibri, sans-serif;\"><span style=\"font-size: medium;\">Alors le 9 juin, il faudra aller voter. Comme \u00e0 chaque \u00e9lections les m\u00e9dias dominants nous pr\u00e9sentent volontiers ces \u00e9lections comme un duel entre l\u2019extr\u00eame droite et la Macronie oubliant tout le mouvement progressiste. Ce sont pourtant les seules \u00e9lections v\u00e9ritablement \u00e0 la proportionnelle o\u00f9 chaque voix compte pour un. Un unique b\u00e9mol\u00a0: seules les listes ayant plus de 5\u00a0% des voix se partagent les si\u00e8ges des d\u00e9put\u00e9s europ\u00e9ens. Mais avec 5\u00a0% la liste de la Gauche Unie pour le monde du travail, conduite par L\u00e9on Deffontaines, aura 5 \u00e9lus pour porter nos id\u00e9es dans les institutions europ\u00e9ennes\u00a0!<\/span><\/span><\/span><\/p>\n<p align=\"justify\"><span style=\"color: #000000;\"><span style=\"font-family: Calibri, sans-serif;\"><span style=\"font-size: medium;\">Un duel entre l\u2019extr\u00eame droite et la Macronie\u00a0? La Macronie, chacun a compris \u00e0 quel point elle ne d\u00e9fend qu\u2019une \u00e9lite. L\u2019extr\u00eame droite, entendons nous souvent, \u00ab\u00a0on n\u2019a pas essay\u00e9\u00a0\u00bb. Pourtant, on peut d\u00e9monter son programme \u00e9conomique, qui, masqu\u00e9 par des propos d\u00e9magogiques, constitue surtout une roue de secours pour le patronat. Mais venez donc voir ce que le Front National a fait \u00e0 B\u00e9ziers depuis qu\u2019il dirige cette ville. <b>La F\u00e9d\u00e9ration des Ardennes <\/b><b>du PCF <\/b><b>a le plaisir d\u2019accueillir le mercredi 23 mai Da<\/b><b>niel<\/b><b> Kupferstein, r\u00e9alisateur d\u2019un film \u00ab\u00a0B\u00e9ziers, l\u2019envers du d\u00e9cor\u00a0\u00bb. <\/b><b>Apr\u00e8s la projection de ce film<\/b><b> nous pourrons \u00e9changer avec le r\u00e9alisateur. Ce sera le 23 mai \u00e0 20 h au centre social Andr\u00e9 Dh\u00f4tel.<\/b><\/span><\/span><\/span><\/p>\n<p align=\"justify\"><span style=\"color: #000000;\"><span style=\"font-family: Calibri, sans-serif;\"><span style=\"font-size: medium;\">Des \u00e9lections pas importantes, des \u00e9lections jou\u00e9es d\u2019avance \u2026 tout est fait pour que les vraies questions, celles qui touchent \u00e0 la vie des gens, le travail, les salaires, les retraites, l\u2019alimentation, la sant\u00e9, l\u2019\u00e9cole \u2026 ne soient pas abord\u00e9es. Ce sont ces questions sociales que la liste conduite par L\u00e9on Deffontaines met dans la campagne avec des propositions pour nous sortir de la crise actuelle. <b>Notez d\u00e9j\u00e0 la date du 3 juin. A 18 h salle de Nevers \u00e0 Charleville-M\u00e9zi\u00e8res aura lieu une r\u00e9union publique avec deux candidates de la liste, Ir\u00e8ne Perrin-Toinin, la locale de l\u2019\u00e9tape, secr\u00e9taire de la section du PCF de Charleville-M\u00e9zi\u00e8res et Marie Claire Cailletaud, syndicaliste, conseill\u00e8re honoraire du CESE. On pourra parler r\u00e9industrialisation de notre pays, \u00e9nergie, \u00e9cologie, services publics \u2026<\/b><\/span><\/span><\/span><\/p>\n<p align=\"right\"><span style=\"color: #000000;\"><span style=\"font-family: Calibri, sans-serif;\"><span style=\"font-size: medium;\">Mich\u00e8le LEFLON<\/span><\/span><\/span><\/p>\n","protected":false},"excerpt":{"rendered":"<p>Dans moins d\u2019un mois auront lieu les \u00e9lections europ\u00e9ennes. Des \u00e9lections pas importantes\u00a0? Oh que si\u00a0! Ce sont les politiques europ\u00e9ennes qui mettent en concurrence les salari\u00e9s entre eux pour tirer vers le bas les salaires. Ce sont elles aussi qui exigent des r\u00e9ductions dans les d\u00e9penses publiques mena\u00e7ant l\u2019\u00e9cole, la sant\u00e9, la justice \u2026 [&hellip;]<\/p>\n","protected":false},"author":4,"featured_media":0,"comment_status":"closed","ping_status":"open","sticky":false,"template":"","format":"standard","meta":{"saved_in_kubio":false,"footnotes":""},"categories":[1],"tags":[],"class_list":["post-2921","post","type-post","status-publish","format-standard","hentry","category-non-classe"],"_links":{"self":[{"href":"https:\/\/pcf08.com\/index.php\/wp-json\/wp\/v2\/posts\/2921","targetHints":{"allow":["GET"]}}],"collection":[{"href":"https:\/\/pcf08.com\/index.php\/wp-json\/wp\/v2\/posts"}],"about":[{"href":"https:\/\/pcf08.com\/index.php\/wp-json\/wp\/v2\/types\/post"}],"author":[{"embeddable":true,"href":"https:\/\/pcf08.com\/index.php\/wp-json\/wp\/v2\/users\/4"}],"replies":[{"embeddable":true,"href":"https:\/\/pcf08.com\/index.php\/wp-json\/wp\/v2\/comments?post=2921"}],"version-history":[{"count":1,"href":"https:\/\/pcf08.com\/index.php\/wp-json\/wp\/v2\/posts\/2921\/revisions"}],"predecessor-version":[{"id":2923,"href":"https:\/\/pcf08.com\/index.php\/wp-json\/wp\/v2\/posts\/2921\/revisions\/2923"}],"wp:attachment":[{"href":"https:\/\/pcf08.com\/index.php\/wp-json\/wp\/v2\/media?parent=2921"}],"wp:term":[{"taxonomy":"category","embeddable":true,"href":"https:\/\/pcf08.com\/index.php\/wp-json\/wp\/v2\/categories?post=2921"},{"taxonomy":"post_tag","embeddable":true,"href":"https:\/\/pcf08.com\/index.php\/wp-json\/wp\/v2\/tags?post=2921"}],"curies":[{"name":"wp","href":"https:\/\/api.w.org\/{rel}","templated":true}]}}