{"id":2917,"date":"2024-05-03T15:49:19","date_gmt":"2024-05-03T13:49:19","guid":{"rendered":"http:\/\/pcf08.com\/?p=2917"},"modified":"2024-05-03T15:49:19","modified_gmt":"2024-05-03T13:49:19","slug":"place-nette-un-petit-tour-et-puis-sen-va","status":"publish","type":"post","link":"https:\/\/pcf08.com\/index.php\/2024\/05\/03\/place-nette-un-petit-tour-et-puis-sen-va\/","title":{"rendered":"\u00ab\u00a0Place nette\u00a0\u00bb un petit tour et puis s\u2019en va !"},"content":{"rendered":"<p align=\"justify\"><span style=\"font-family: Calibri, sans-serif;\"><span style=\"font-size: medium;\"><span lang=\"fr-FR\"><img loading=\"lazy\" decoding=\"async\" class=\"size-medium wp-image-2918 alignright\" src=\"https:\/\/pcf08.com\/wp-content\/uploads\/2024\/05\/Place-nette-300x200.png\" alt=\"\" width=\"300\" height=\"200\" srcset=\"https:\/\/pcf08.com\/wp-content\/uploads\/2024\/05\/Place-nette-300x200.png 300w, https:\/\/pcf08.com\/wp-content\/uploads\/2024\/05\/Place-nette-272x182.png 272w, https:\/\/pcf08.com\/wp-content\/uploads\/2024\/05\/Place-nette.png 326w\" sizes=\"(max-width: 300px) 100vw, 300px\" \/>La s\u00e9curit\u00e9 est une des priorit\u00e9s exprim\u00e9es par les fran\u00e7ais. C\u2019est le cas dans les Ardennes o<\/span><span lang=\"fr-FR\">\u00f9<\/span><span lang=\"fr-FR\"> la d\u00e9linquance en 2023 est en hausse de 3,5% selon les chiffres publi\u00e9s par la Pr\u00e9fecture. Cette situation n\u00e9cessiterait des mesures fortes notamment en <\/span><span lang=\"fr-FR\">renfor\u00e7ant <\/span><span lang=\"fr-FR\">de fa\u00e7on permanente<\/span> <span lang=\"fr-FR\">l<\/span><span lang=\"fr-FR\">es effectifs de police et <\/span><span lang=\"fr-FR\">la<\/span><span lang=\"fr-FR\"> dotation de mat\u00e9riel nouveau et performant. <\/span><\/span><\/span><\/p>\n<p align=\"justify\"><span style=\"font-family: Calibri, sans-serif;\"><span style=\"font-size: medium;\"><span lang=\"fr-FR\">Pourtant ce n\u2019est pas le chemin sur lequel s\u2019engage le gouvernement. Deux aspects de cette politique d\u00e9montrent la fa\u00e7on tr\u00e8s aust\u00e9ritaire qu\u2019<\/span><span lang=\"fr-FR\">il<\/span><span lang=\"fr-FR\"> pratique. Simultan\u00e9ment on apprend que la construction d\u2019un nouveau commissariat \u00e0 Sedan n\u2019est plus d\u2019actualit\u00e9 <\/span><span lang=\"fr-FR\">et que le ministre de l\u2019Int\u00e9rieur exp\u00e9rimente une op\u00e9ration contre le trafic de drogue appel\u00e9<\/span><span lang=\"fr-FR\">e<\/span><span lang=\"fr-FR\"> \u00ab\u00a0Place nette\u00a0\u00bb. Cette appellation fait bien rire les dealers\u00a0! <\/span><span lang=\"fr-FR\">Ce dispositif n\u2019est ni plus ni moins qu\u2019une pure campagne de com.<\/span><\/span><\/span><\/p>\n<p align=\"justify\"><span style=\"font-family: Calibri, sans-serif;\"><span style=\"font-size: medium;\"><span lang=\"fr-FR\">Ce nouveau dispositif vient d\u2019\u00eatre exp\u00e9riment\u00e9 dans notre d\u00e9partement, dans <\/span><span lang=\"fr-FR\">l<\/span><span lang=\"fr-FR\">es quartiers de Revin, Rethel ou Vivier-au-Court.<\/span> <span lang=\"fr-FR\">Presque 500 gendarmes avaient \u00e9t\u00e9 mobilis\u00e9<\/span><span lang=\"fr-FR\">s<\/span><span lang=\"fr-FR\"> pour cette op\u00e9ration.<\/span> <span lang=\"fr-FR\">Celle-ci \u00e0 dur\u00e9 quatre jours avec des r\u00e9sultats sans commune mesure avec le <\/span><span lang=\"fr-FR\">d\u00e9veloppement<\/span><span lang=\"fr-FR\"> des quantit\u00e9s de drogue qui <\/span><span lang=\"fr-FR\">circulent.<\/span> <span lang=\"fr-FR\">Depuis cette op\u00e9ration coup de poing, au dire des riverains<\/span><span lang=\"fr-FR\">, <\/span><span lang=\"fr-FR\">le trafic continue <\/span><span lang=\"fr-FR\">mais<\/span><span lang=\"fr-FR\">\u2026\u2026\u2026\u2026\u2026. les forces de gendarmerie sont d\u00e9j\u00e0 reparties\u00a0!&#8230;<\/span><\/span><\/span><\/p>\n<p align=\"justify\"><span style=\"font-family: Calibri, sans-serif;\"><span style=\"font-size: medium;\">Nous sommes loin de la police de proximit\u00e9 et de l\u2019\u00eelotage qui avaient permis de faire reculer les actes de d\u00e9linquance.<\/span><\/span><\/p>\n<p align=\"right\"><span style=\"color: #000000;\"><span style=\"font-family: Calibri, sans-serif;\"><span style=\"font-size: medium;\">Sylvain DALLA ROSA<\/span><\/span><\/span><\/p>\n","protected":false},"excerpt":{"rendered":"<p>La s\u00e9curit\u00e9 est une des priorit\u00e9s exprim\u00e9es par les fran\u00e7ais. C\u2019est le cas dans les Ardennes o\u00f9 la d\u00e9linquance en 2023 est en hausse de 3,5% selon les chiffres publi\u00e9s par la Pr\u00e9fecture. Cette situation n\u00e9cessiterait des mesures fortes notamment en renfor\u00e7ant de fa\u00e7on permanente les effectifs de police et la dotation de mat\u00e9riel nouveau [&hellip;]<\/p>\n","protected":false},"author":4,"featured_media":0,"comment_status":"closed","ping_status":"open","sticky":false,"template":"","format":"standard","meta":{"saved_in_kubio":false,"footnotes":""},"categories":[1],"tags":[],"class_list":["post-2917","post","type-post","status-publish","format-standard","hentry","category-non-classe"],"_links":{"self":[{"href":"https:\/\/pcf08.com\/index.php\/wp-json\/wp\/v2\/posts\/2917","targetHints":{"allow":["GET"]}}],"collection":[{"href":"https:\/\/pcf08.com\/index.php\/wp-json\/wp\/v2\/posts"}],"about":[{"href":"https:\/\/pcf08.com\/index.php\/wp-json\/wp\/v2\/types\/post"}],"author":[{"embeddable":true,"href":"https:\/\/pcf08.com\/index.php\/wp-json\/wp\/v2\/users\/4"}],"replies":[{"embeddable":true,"href":"https:\/\/pcf08.com\/index.php\/wp-json\/wp\/v2\/comments?post=2917"}],"version-history":[{"count":1,"href":"https:\/\/pcf08.com\/index.php\/wp-json\/wp\/v2\/posts\/2917\/revisions"}],"predecessor-version":[{"id":2919,"href":"https:\/\/pcf08.com\/index.php\/wp-json\/wp\/v2\/posts\/2917\/revisions\/2919"}],"wp:attachment":[{"href":"https:\/\/pcf08.com\/index.php\/wp-json\/wp\/v2\/media?parent=2917"}],"wp:term":[{"taxonomy":"category","embeddable":true,"href":"https:\/\/pcf08.com\/index.php\/wp-json\/wp\/v2\/categories?post=2917"},{"taxonomy":"post_tag","embeddable":true,"href":"https:\/\/pcf08.com\/index.php\/wp-json\/wp\/v2\/tags?post=2917"}],"curies":[{"name":"wp","href":"https:\/\/api.w.org\/{rel}","templated":true}]}}