{"id":2914,"date":"2024-05-03T15:48:13","date_gmt":"2024-05-03T13:48:13","guid":{"rendered":"http:\/\/pcf08.com\/?p=2914"},"modified":"2024-05-03T15:48:13","modified_gmt":"2024-05-03T13:48:13","slug":"lia-contre-lemploi-et-la-confidentialite","status":"publish","type":"post","link":"https:\/\/pcf08.com\/index.php\/2024\/05\/03\/lia-contre-lemploi-et-la-confidentialite\/","title":{"rendered":"L\u2019IA contre l\u2019emploi et la confidentialit\u00e9"},"content":{"rendered":"<p align=\"justify\"><span style=\"color: #333333;\"><span style=\"font-family: Times New Roman, serif;\"><span style=\"font-size: medium;\"><span style=\"font-family: Calibri, sans-serif;\"><img loading=\"lazy\" decoding=\"async\" class=\"size-medium wp-image-2915 alignleft\" src=\"https:\/\/pcf08.com\/wp-content\/uploads\/2024\/05\/IA-300x209.png\" alt=\"\" width=\"300\" height=\"209\" srcset=\"https:\/\/pcf08.com\/wp-content\/uploads\/2024\/05\/IA-300x209.png 300w, https:\/\/pcf08.com\/wp-content\/uploads\/2024\/05\/IA.png 310w\" sizes=\"(max-width: 300px) 100vw, 300px\" \/>Les <\/span><span style=\"font-family: Calibri, sans-serif;\">progr\u00e8s<\/span><span style=\"font-family: Calibri, sans-serif;\"> de la science sont de jour en jour de plus en plus pr\u00e9sent<\/span><span style=\"font-family: Calibri, sans-serif;\">s<\/span><span style=\"font-family: Calibri, sans-serif;\"> dans notre <\/span><span style=\"font-family: Calibri, sans-serif;\">soci\u00e9t\u00e9.<\/span><span style=\"font-family: Calibri, sans-serif;\"> C\u2019est le cas de l\u2019Intelligence Artificielle (IA) que le gouvernement veut mettre \u00ab\u00a0au service\u00a0\u00bb des Fran\u00e7ais. En r\u00e9alit\u00e9, <\/span><span style=\"font-family: Calibri, sans-serif;\">derri\u00e8re<\/span><span style=\"font-family: Calibri, sans-serif;\"> ces bonnes intentions, c\u2019est la suppression d\u2019emplois qui se profile <\/span><span style=\"font-family: Calibri, sans-serif;\">et des atteintes \u00e0 la confidentialit\u00e9 sur des donn\u00e9<\/span><span style=\"font-family: Calibri, sans-serif;\">e<\/span><span style=\"font-family: Calibri, sans-serif;\">s personnelles<\/span><span style=\"font-family: Calibri, sans-serif;\">. A l\u2019occasion d\u2019un r\u00e9cent d\u00e9placement dans les Hauts-de-Seine, le Premier Ministre G. Attal a d\u00e9clar\u00e9 vouloir permettre avec l\u2019IA de \u00ab\u00a0<\/span><span style=\"font-family: Calibri, sans-serif;\"><i>d\u00e9bureaucratiser l\u2019administration et ramener les services publics sur le terrain\u00a0\u00bb.<\/i><\/span><\/span><\/span><\/span><\/p>\n<p align=\"justify\"><span style=\"color: #333333;\"><span style=\"font-family: Calibri, sans-serif;\"><span style=\"font-size: medium;\">L\u2019IA serait une intelligence capable de r\u00e9aliser n\u2019importe quelle t\u00e2che administrative comme le ferait un humain. Son utilisation permettrait de transformer de nombreux secteurs d\u2019activit\u00e9. On trouve notamment dans ses domaines d\u2019intervention, la m\u00e9decine, l\u2019administration ou la finance. Une r\u00e9cente \u00e9tude affirme que d\u2019ici quelques ann\u00e9es plus de 300 millions d\u2019emplois viendront \u00e0 dispara\u00eetre sur la plan\u00e8te d\u00e9coulant de l\u2019application de l\u2019IA. Outre l\u2019emploi, une autre question se pose, l\u2019IA aura-t-elle acc\u00e8s aux donn\u00e9es personnelles? Ce n\u2019est plus de la fiction mais une r\u00e9alit\u00e9 d\u2019ores et d\u00e9j\u00e0 bien pr\u00e9sente. <\/span><\/span><\/span><\/p>\n<p align=\"justify\"><span style=\"color: #333333;\"><span style=\"font-family: Calibri, sans-serif;\"><span style=\"font-size: medium;\"><b>Comment ces questions vont elles \u00eatre appr\u00e9hend\u00e9es par les collectivit\u00e9s comme Charleville-M\u00e9zi\u00e8res, Sedan ou Ardenne M\u00e9tropole. Il ne serait pas superflu qu\u2019un groupe de r\u00e9flexion soit mis en place, sous l\u2019\u00e9gide du conseil d\u00e9partemental, pour appr\u00e9hender l\u2019\u00e9volution de ces d\u00e9couvertes et limiter leur impact. Nous sommes d\u00e9j\u00e0 dans le futur\u2026\u2026. <\/b><\/span><\/span><\/span><\/p>\n<p align=\"right\"><span style=\"color: #333333;\"><span style=\"font-family: Calibri, sans-serif;\"><span style=\"font-size: medium;\">Sylvain DALLA ROSA<\/span><\/span><\/span><\/p>\n","protected":false},"excerpt":{"rendered":"<p>Les progr\u00e8s de la science sont de jour en jour de plus en plus pr\u00e9sents dans notre soci\u00e9t\u00e9. C\u2019est le cas de l\u2019Intelligence Artificielle (IA) que le gouvernement veut mettre \u00ab\u00a0au service\u00a0\u00bb des Fran\u00e7ais. En r\u00e9alit\u00e9, derri\u00e8re ces bonnes intentions, c\u2019est la suppression d\u2019emplois qui se profile et des atteintes \u00e0 la confidentialit\u00e9 sur des [&hellip;]<\/p>\n","protected":false},"author":4,"featured_media":0,"comment_status":"closed","ping_status":"open","sticky":false,"template":"","format":"standard","meta":{"saved_in_kubio":false,"footnotes":""},"categories":[1],"tags":[],"class_list":["post-2914","post","type-post","status-publish","format-standard","hentry","category-non-classe"],"_links":{"self":[{"href":"https:\/\/pcf08.com\/index.php\/wp-json\/wp\/v2\/posts\/2914","targetHints":{"allow":["GET"]}}],"collection":[{"href":"https:\/\/pcf08.com\/index.php\/wp-json\/wp\/v2\/posts"}],"about":[{"href":"https:\/\/pcf08.com\/index.php\/wp-json\/wp\/v2\/types\/post"}],"author":[{"embeddable":true,"href":"https:\/\/pcf08.com\/index.php\/wp-json\/wp\/v2\/users\/4"}],"replies":[{"embeddable":true,"href":"https:\/\/pcf08.com\/index.php\/wp-json\/wp\/v2\/comments?post=2914"}],"version-history":[{"count":1,"href":"https:\/\/pcf08.com\/index.php\/wp-json\/wp\/v2\/posts\/2914\/revisions"}],"predecessor-version":[{"id":2916,"href":"https:\/\/pcf08.com\/index.php\/wp-json\/wp\/v2\/posts\/2914\/revisions\/2916"}],"wp:attachment":[{"href":"https:\/\/pcf08.com\/index.php\/wp-json\/wp\/v2\/media?parent=2914"}],"wp:term":[{"taxonomy":"category","embeddable":true,"href":"https:\/\/pcf08.com\/index.php\/wp-json\/wp\/v2\/categories?post=2914"},{"taxonomy":"post_tag","embeddable":true,"href":"https:\/\/pcf08.com\/index.php\/wp-json\/wp\/v2\/tags?post=2914"}],"curies":[{"name":"wp","href":"https:\/\/api.w.org\/{rel}","templated":true}]}}