{"id":2903,"date":"2024-04-18T11:36:45","date_gmt":"2024-04-18T09:36:45","guid":{"rendered":"http:\/\/pcf08.com\/?p=2903"},"modified":"2024-04-18T11:36:45","modified_gmt":"2024-04-18T09:36:45","slug":"elections-europeennes-une-candidate-ardennaise","status":"publish","type":"post","link":"https:\/\/pcf08.com\/index.php\/2024\/04\/18\/elections-europeennes-une-candidate-ardennaise\/","title":{"rendered":"\u00c9LECTIONS EUROP\u00c9ENNES : UNE CANDIDATE ARDENNAISE"},"content":{"rendered":"<p align=\"justify\"><span style=\"font-family: Calibri, sans-serif;\"><span style=\"font-size: medium;\"><img loading=\"lazy\" decoding=\"async\" class=\"size-medium wp-image-2904 alignleft\" src=\"https:\/\/pcf08.com\/wp-content\/uploads\/2024\/04\/irene-1-300x300.jpeg\" alt=\"\" width=\"300\" height=\"300\" srcset=\"https:\/\/pcf08.com\/wp-content\/uploads\/2024\/04\/irene-1-300x300.jpeg 300w, https:\/\/pcf08.com\/wp-content\/uploads\/2024\/04\/irene-1-150x150.jpeg 150w, https:\/\/pcf08.com\/wp-content\/uploads\/2024\/04\/irene-1.jpeg 768w\" sizes=\"(max-width: 300px) 100vw, 300px\" \/>Nous sommes d\u00e9sormais \u00e0 environ 2 mois du scrutin. \u00c0 l\u2019heure d\u2019engager les \u00e9tapes finales de notre campagne, une tr\u00e8s bonne nouvelle nous est parvenue le 8 avril dernier.<\/span><\/span><\/p>\n<p align=\"justify\"><span style=\"font-family: Calibri, sans-serif;\"><span style=\"font-size: medium;\">Ir\u00e8ne PERRIN-TOININ, secr\u00e9taire de la section de Charleville-M\u00e9zi\u00e8res a \u00e9t\u00e9 retenue comme candidate sur la liste d\u00e9finitive de ces \u00e9lections Europ\u00e9ennes.<\/span><\/span><\/p>\n<p align=\"justify\"><span style=\"font-family: Calibri, sans-serif;\"><span style=\"font-size: medium;\">C\u2019est une v\u00e9ritable reconnaissance du travail et de l\u2019engagement des militants communistes ardennais et un argument suppl\u00e9mentaire pour sensibiliser et motiver les \u00e9lectrices et \u00e9lecteurs pour \u00e9radiquer l\u2019abstention, ph\u00e9nom\u00e8ne qui nuit gravement \u00e0 la d\u00e9mocratie, et d\u00e9montrer l\u2019importance des enjeux de ce scrutin.<\/span><\/span><\/p>\n<p align=\"justify\"><span style=\"font-family: Calibri, sans-serif;\"><span style=\"font-size: medium;\">La pr\u00e9sence d\u2019une candidate travaillant et vivant dans leur d\u00e9partement va aider \u00e0 d\u00e9montrer \u00e0 nos concitoyens que notre liste est la seule r\u00e9elle alternative \u00e0 un changement de politique et que le parlement europ\u00e9en est une instance politique qui a du pouvoir et non une simple chambre d\u2019enregistrement de directives administratives. Ce qui en clair signifie qu\u2019aucune proposition poussant \u00e0 aller vers encore plus de lib\u00e9ralisme ne peut \u00eatre appliqu\u00e9e sans le consentement du Parlement europ\u00e9en. <\/span><\/span><\/p>\n<p align=\"justify\"><span style=\"font-family: Calibri, sans-serif;\"><span style=\"font-size: medium;\">Au Parlement europ\u00e9en on fait des choix, et les mouvements sociaux de ces derniers mois d\u00e9montrent amplement que ces choix ne plaisent pas \u00e0 la majorit\u00e9 des salari\u00e9.es, retrait\u00e9.es, \u00e9tudiant.es, priv\u00e9.es d\u2019emploi.<\/span><\/span><\/p>\n<p align=\"justify\"><span style=\"font-family: Calibri, sans-serif;\"><span style=\"font-size: medium;\">C\u2019est donc par la voix d\u2019Ir\u00e8ne et notre pr\u00e9sence sur les march\u00e9s, lieux publics\u2026 et les rencontres citoyennes que nous allons fixer que nous allons affirmer et expliquer que\u00a0:<\/span><\/span><\/p>\n<p align=\"justify\"><span style=\"font-family: Calibri, sans-serif;\"><span style=\"font-size: medium;\">Voter pour la liste men\u00e9e par L\u00e9on DEFFONTAINES c\u2019est dire NON \u00e0 plus d\u2019aust\u00e9rit\u00e9 et de lib\u00e9ralisation, OUI \u00e0 plus de services publics, de possibilit\u00e9 de vivre dignement de son salaire ou de sa retraite et plus d\u2019\u00e9galit\u00e9 sociale.<\/span><\/span><\/p>\n<p align=\"right\"><span style=\"font-family: Calibri, sans-serif;\"><span style=\"font-size: medium;\">Patrick LATTUADA.<\/span><\/span><\/p>\n","protected":false},"excerpt":{"rendered":"<p>Nous sommes d\u00e9sormais \u00e0 environ 2 mois du scrutin. \u00c0 l\u2019heure d\u2019engager les \u00e9tapes finales de notre campagne, une tr\u00e8s bonne nouvelle nous est parvenue le 8 avril dernier. Ir\u00e8ne PERRIN-TOININ, secr\u00e9taire de la section de Charleville-M\u00e9zi\u00e8res a \u00e9t\u00e9 retenue comme candidate sur la liste d\u00e9finitive de ces \u00e9lections Europ\u00e9ennes. C\u2019est une v\u00e9ritable reconnaissance du [&hellip;]<\/p>\n","protected":false},"author":4,"featured_media":0,"comment_status":"closed","ping_status":"open","sticky":false,"template":"","format":"standard","meta":{"saved_in_kubio":false,"footnotes":""},"categories":[1],"tags":[],"class_list":["post-2903","post","type-post","status-publish","format-standard","hentry","category-non-classe"],"_links":{"self":[{"href":"https:\/\/pcf08.com\/index.php\/wp-json\/wp\/v2\/posts\/2903","targetHints":{"allow":["GET"]}}],"collection":[{"href":"https:\/\/pcf08.com\/index.php\/wp-json\/wp\/v2\/posts"}],"about":[{"href":"https:\/\/pcf08.com\/index.php\/wp-json\/wp\/v2\/types\/post"}],"author":[{"embeddable":true,"href":"https:\/\/pcf08.com\/index.php\/wp-json\/wp\/v2\/users\/4"}],"replies":[{"embeddable":true,"href":"https:\/\/pcf08.com\/index.php\/wp-json\/wp\/v2\/comments?post=2903"}],"version-history":[{"count":1,"href":"https:\/\/pcf08.com\/index.php\/wp-json\/wp\/v2\/posts\/2903\/revisions"}],"predecessor-version":[{"id":2905,"href":"https:\/\/pcf08.com\/index.php\/wp-json\/wp\/v2\/posts\/2903\/revisions\/2905"}],"wp:attachment":[{"href":"https:\/\/pcf08.com\/index.php\/wp-json\/wp\/v2\/media?parent=2903"}],"wp:term":[{"taxonomy":"category","embeddable":true,"href":"https:\/\/pcf08.com\/index.php\/wp-json\/wp\/v2\/categories?post=2903"},{"taxonomy":"post_tag","embeddable":true,"href":"https:\/\/pcf08.com\/index.php\/wp-json\/wp\/v2\/tags?post=2903"}],"curies":[{"name":"wp","href":"https:\/\/api.w.org\/{rel}","templated":true}]}}