{"id":2899,"date":"2024-04-18T11:32:57","date_gmt":"2024-04-18T09:32:57","guid":{"rendered":"http:\/\/pcf08.com\/?p=2899"},"modified":"2024-04-18T11:32:57","modified_gmt":"2024-04-18T09:32:57","slug":"les-missions-regaliennes-de-letat-remises-en-cause","status":"publish","type":"post","link":"https:\/\/pcf08.com\/index.php\/2024\/04\/18\/les-missions-regaliennes-de-letat-remises-en-cause\/","title":{"rendered":"Les missions r\u00e9galiennes de l\u2019\u00c9tat remises en cause"},"content":{"rendered":"<p align=\"justify\"><span style=\"font-family: Calibri, sans-serif;\"><span style=\"font-size: medium;\"><span style=\"color: #000000;\"><img loading=\"lazy\" decoding=\"async\" class=\"size-medium wp-image-2900 alignleft\" src=\"https:\/\/pcf08.com\/wp-content\/uploads\/2024\/04\/Police-300x231.png\" alt=\"\" width=\"300\" height=\"231\" srcset=\"https:\/\/pcf08.com\/wp-content\/uploads\/2024\/04\/Police-300x231.png 300w, https:\/\/pcf08.com\/wp-content\/uploads\/2024\/04\/Police.png 329w\" sizes=\"(max-width: 300px) 100vw, 300px\" \/>R\u00e9cemment un cycle de concertations relatives \u00e0 la modernisation des polices municipales s\u2019est d\u00e9roul\u00e9 sous l\u2019\u00e9gide de l\u2019\u00c9tat. Sous le couvert d\u2019une hypoth\u00e9tique modernisation il s\u2019agit en r\u00e9alit\u00e9 de transf\u00e9rer un peu plus de responsabilit\u00e9s aux collectivit\u00e9s dans le domaine de la s\u00e9curit\u00e9. <\/span><\/span><\/span><\/p>\n<p align=\"justify\"><span style=\"font-family: Times New Roman, serif;\"><span style=\"font-size: medium;\"><span style=\"color: #000000;\"><span style=\"font-family: Calibri, sans-serif;\">La France compte 27 000 agents de police municipale r\u00e9partis dans plus de 4500 communes<\/span><span style=\"font-family: Calibri, sans-serif;\">. Ce nombre est en constante augmentation ces 20 derni\u00e8res ann\u00e9es et cette hausse devrait se confirmer avec la volont\u00e9 des maires de recruter 11 000 agents suppl\u00e9mentaires d\u2019ici aux \u00e9lections municipales de 2026. <\/span><span style=\"font-family: Calibri, sans-serif;\">La cons\u00e9quence de c<\/span><span style=\"font-family: Calibri, sans-serif;\">ette tendance <\/span><span style=\"font-family: Calibri, sans-serif;\">\u00e0 l\u2019augmentation des effectifs <\/span><span style=\"font-family: Calibri, sans-serif;\">de policiers municipaux depuis 1999, confirment la <\/span><span style=\"font-family: Calibri, sans-serif;\">volont\u00e9 des \u00e9lus locaux de disposer d\u2019une police municipale \u00e0 leur enti\u00e8re disposition<\/span><span style=\"font-family: Calibri, sans-serif;\">. <\/span><span style=\"font-family: Calibri, sans-serif;\">Les missions d\u00e9volues aux policiers municipaux et en constante augmentation. Au point que dans la r\u00e9alit\u00e9 -ci prennent de plus en plus de <\/span><span style=\"font-family: Calibri, sans-serif;\">responsabilit\u00e9s<\/span><span style=\"font-family: Calibri, sans-serif;\"> qui jusqu\u2019\u00e0 pr\u00e9sent relevaient des missions r\u00e9galiennes de la police nationale. <\/span><\/span><\/span><\/span><\/p>\n<p align=\"justify\"><span style=\"font-family: Times New Roman, serif;\"><span style=\"font-size: medium;\"><span style=\"color: #000000;\"><span style=\"font-family: Calibri, sans-serif;\">Dans notre d\u00e9partement c\u2019est la ville de Charleville-M\u00e9zi\u00e8res qui domine les autres collectivit\u00e9s. Avec une cinquantaine d\u2019agents pour une masse salariale de pr\u00e9s de 1 million et demi et un budget \u00e9quipement de 545 500 euros pour 2024. A ces effectifs il faut ajouter 8 agents de surveillance de la voie publique (charg\u00e9s de mettre les PV) et 130 cam\u00e9ras dont 5 cam\u00e9ras nomades.<\/span> <\/span><\/span><\/span><\/p>\n<p align=\"justify\"><span style=\"font-family: Calibri, sans-serif;\"><span style=\"font-size: medium;\"><span style=\"color: #000000;\">Pourtant malgr\u00e9 une farouche volont\u00e9 d\u2019\u00e9toffer leurs missions c<\/span><span style=\"color: #000000;\">es derni\u00e8res semaines un malaise touche la police municipale carolomac\u00e9rienne. Le directeur <\/span><span style=\"color: #000000;\">mis en place r\u00e9cemment <\/span><span style=\"color: #000000;\">semble ne pas faire l\u2019unanimit\u00e9. Avec la pose de cam\u00e9ras de vid\u00e9o<\/span><span style=\"color: #000000;\">&#8211;<\/span><span style=\"color: #000000;\">surveillance et le renforcement des <\/span><span style=\"color: #000000;\">effectifs<\/span><span style=\"color: #000000;\"> de la police municipale la ville <\/span><span style=\"color: #000000;\">empi\u00e8te<\/span><span style=\"color: #000000;\"> de plus en plus sur les pr\u00e9rogatives <\/span><span style=\"color: #000000;\">r\u00e9galiennes<\/span><span style=\"color: #000000;\"> de l\u2019\u00c9tat. Incontestablement cette politique <\/span><span style=\"color: #000000;\">co\u00fbte<\/span><span style=\"color: #000000;\"> et <\/span><span style=\"color: #000000;\">p\u00e8se<\/span><span style=\"color: #000000;\"> sur les finances communales <\/span><span style=\"color: #000000;\">et pose un probl\u00e8me de comp\u00e9tence.<\/span><\/span><\/span><\/p>\n<p align=\"right\"><span style=\"color: #000000;\"><span style=\"font-family: Calibri, sans-serif;\"><span style=\"font-size: medium;\">Sylvain DALLA ROSA<\/span><\/span><\/span><\/p>\n","protected":false},"excerpt":{"rendered":"<p>R\u00e9cemment un cycle de concertations relatives \u00e0 la modernisation des polices municipales s\u2019est d\u00e9roul\u00e9 sous l\u2019\u00e9gide de l\u2019\u00c9tat. Sous le couvert d\u2019une hypoth\u00e9tique modernisation il s\u2019agit en r\u00e9alit\u00e9 de transf\u00e9rer un peu plus de responsabilit\u00e9s aux collectivit\u00e9s dans le domaine de la s\u00e9curit\u00e9. La France compte 27 000 agents de police municipale r\u00e9partis dans plus [&hellip;]<\/p>\n","protected":false},"author":4,"featured_media":0,"comment_status":"closed","ping_status":"open","sticky":false,"template":"","format":"standard","meta":{"saved_in_kubio":false,"footnotes":""},"categories":[1],"tags":[],"class_list":["post-2899","post","type-post","status-publish","format-standard","hentry","category-non-classe"],"_links":{"self":[{"href":"https:\/\/pcf08.com\/index.php\/wp-json\/wp\/v2\/posts\/2899","targetHints":{"allow":["GET"]}}],"collection":[{"href":"https:\/\/pcf08.com\/index.php\/wp-json\/wp\/v2\/posts"}],"about":[{"href":"https:\/\/pcf08.com\/index.php\/wp-json\/wp\/v2\/types\/post"}],"author":[{"embeddable":true,"href":"https:\/\/pcf08.com\/index.php\/wp-json\/wp\/v2\/users\/4"}],"replies":[{"embeddable":true,"href":"https:\/\/pcf08.com\/index.php\/wp-json\/wp\/v2\/comments?post=2899"}],"version-history":[{"count":1,"href":"https:\/\/pcf08.com\/index.php\/wp-json\/wp\/v2\/posts\/2899\/revisions"}],"predecessor-version":[{"id":2901,"href":"https:\/\/pcf08.com\/index.php\/wp-json\/wp\/v2\/posts\/2899\/revisions\/2901"}],"wp:attachment":[{"href":"https:\/\/pcf08.com\/index.php\/wp-json\/wp\/v2\/media?parent=2899"}],"wp:term":[{"taxonomy":"category","embeddable":true,"href":"https:\/\/pcf08.com\/index.php\/wp-json\/wp\/v2\/categories?post=2899"},{"taxonomy":"post_tag","embeddable":true,"href":"https:\/\/pcf08.com\/index.php\/wp-json\/wp\/v2\/tags?post=2899"}],"curies":[{"name":"wp","href":"https:\/\/api.w.org\/{rel}","templated":true}]}}