{"id":2889,"date":"2024-04-11T14:10:08","date_gmt":"2024-04-11T12:10:08","guid":{"rendered":"http:\/\/pcf08.com\/?p=2889"},"modified":"2024-04-11T14:10:08","modified_gmt":"2024-04-11T12:10:08","slug":"contre-linsecurite-des-mesures-gadgets","status":"publish","type":"post","link":"https:\/\/pcf08.com\/index.php\/2024\/04\/11\/contre-linsecurite-des-mesures-gadgets\/","title":{"rendered":"Contre l\u2019ins\u00e9curit\u00e9 des mesures gadgets"},"content":{"rendered":"<p align=\"justify\"><span style=\"font-family: Calibri, sans-serif;\"><span style=\"font-size: medium;\"><img loading=\"lazy\" decoding=\"async\" class=\"size-medium wp-image-2890 alignleft\" src=\"https:\/\/pcf08.com\/wp-content\/uploads\/2024\/04\/police-300x178.jpg\" alt=\"\" width=\"300\" height=\"178\" srcset=\"https:\/\/pcf08.com\/wp-content\/uploads\/2024\/04\/police-300x178.jpg 300w, https:\/\/pcf08.com\/wp-content\/uploads\/2024\/04\/police.jpg 370w\" sizes=\"(max-width: 300px) 100vw, 300px\" \/>La s\u00e9curit\u00e9 est une des priorit\u00e9s exprim\u00e9es par les Fran\u00e7ais. C\u2019est le cas dans les Ardennes ou la d\u00e9linquance en 2023 est en hausse de 3,5% selon les chiffres publi\u00e9s par la Pr\u00e9fecture. Cette situation n\u00e9cessiterait des mesures fortes notamment en renfor\u00e7ant les effectifs de police et en dotation de mat\u00e9riel nouveau et performant.<\/span><\/span><\/p>\n<p align=\"justify\"><span style=\"font-family: Calibri, sans-serif;\"><span style=\"font-size: medium;\">Pourtant ce n\u2019est pas le chemin sur lequel s\u2019engage le gouvernement. Deux aspects de cette politique d\u00e9montrent la fa\u00e7on tr\u00e8s aust\u00e9ritaire que pratique le gouvernement. Simultan\u00e9ment on apprend que la construction d\u2019un nouveau commissariat \u00e0 Sedan n\u2019est plus d\u2019actualit\u00e9 et que le ministre de l\u2019Int\u00e9rieur va exp\u00e9rimenter une op\u00e9ration \u00ab\u00a0place nette\u00a0\u00bb dans le quartier de Manchester \u00e0 Charleville-M\u00e9zi\u00e8res. <\/span><\/span><\/p>\n<p align=\"justify\"><span style=\"font-family: Calibri, sans-serif;\"><span style=\"font-size: medium;\">Pour cette derni\u00e8re exp\u00e9rimentation il s\u2019agit de demander aux habitants de ce quartier populaire de d\u00e9noncer par SMS les faits de d\u00e9linquance qu\u2019ils subissent ou constatent. Cette proc\u00e9dure se faisant dans l\u2019anonymat. Cette proposition nous rappelle certaines pratiques de la la seconde guerre mondiale encourag\u00e9es par les occupants. Un \u00e9lu de la ville chef lieu avance m\u00eame l\u2019id\u00e9e que pour combattre le trafic de drogue les habitants peuvent organiser des moments de caf\u00e9s citoyens. <\/span><\/span><\/p>\n<p align=\"justify\"><span style=\"font-family: Calibri, sans-serif;\"><span style=\"font-size: medium;\">Cette proposition rejoint la pratique de d\u00e9ployer des forces de l\u2019ordre ( CRS ) quelques jours de temps en temps dans certains quartiers. Incontestablement cette pratique n\u2019a en rien fait diminuer la d\u00e9linquance et le trafic de drogue.<\/span><\/span><\/p>\n<p align=\"justify\"><span style=\"font-family: Calibri, sans-serif;\"><span style=\"font-size: medium;\">Nous sommes loin de la police de proximit\u00e9 et de l\u2019\u00eelotage qui avaient permis de faire reculer les actes de d\u00e9linquance.<\/span><\/span><\/p>\n<p align=\"justify\">\n<p align=\"right\"><span style=\"font-family: Calibri, sans-serif;\"><span style=\"font-size: medium;\"> Sylvain DALLA ROSA<\/span><\/span><\/p>\n","protected":false},"excerpt":{"rendered":"<p>La s\u00e9curit\u00e9 est une des priorit\u00e9s exprim\u00e9es par les Fran\u00e7ais. C\u2019est le cas dans les Ardennes ou la d\u00e9linquance en 2023 est en hausse de 3,5% selon les chiffres publi\u00e9s par la Pr\u00e9fecture. Cette situation n\u00e9cessiterait des mesures fortes notamment en renfor\u00e7ant les effectifs de police et en dotation de mat\u00e9riel nouveau et performant. Pourtant [&hellip;]<\/p>\n","protected":false},"author":4,"featured_media":0,"comment_status":"closed","ping_status":"open","sticky":false,"template":"","format":"standard","meta":{"saved_in_kubio":false,"footnotes":""},"categories":[1],"tags":[],"class_list":["post-2889","post","type-post","status-publish","format-standard","hentry","category-non-classe"],"_links":{"self":[{"href":"https:\/\/pcf08.com\/index.php\/wp-json\/wp\/v2\/posts\/2889","targetHints":{"allow":["GET"]}}],"collection":[{"href":"https:\/\/pcf08.com\/index.php\/wp-json\/wp\/v2\/posts"}],"about":[{"href":"https:\/\/pcf08.com\/index.php\/wp-json\/wp\/v2\/types\/post"}],"author":[{"embeddable":true,"href":"https:\/\/pcf08.com\/index.php\/wp-json\/wp\/v2\/users\/4"}],"replies":[{"embeddable":true,"href":"https:\/\/pcf08.com\/index.php\/wp-json\/wp\/v2\/comments?post=2889"}],"version-history":[{"count":1,"href":"https:\/\/pcf08.com\/index.php\/wp-json\/wp\/v2\/posts\/2889\/revisions"}],"predecessor-version":[{"id":2891,"href":"https:\/\/pcf08.com\/index.php\/wp-json\/wp\/v2\/posts\/2889\/revisions\/2891"}],"wp:attachment":[{"href":"https:\/\/pcf08.com\/index.php\/wp-json\/wp\/v2\/media?parent=2889"}],"wp:term":[{"taxonomy":"category","embeddable":true,"href":"https:\/\/pcf08.com\/index.php\/wp-json\/wp\/v2\/categories?post=2889"},{"taxonomy":"post_tag","embeddable":true,"href":"https:\/\/pcf08.com\/index.php\/wp-json\/wp\/v2\/tags?post=2889"}],"curies":[{"name":"wp","href":"https:\/\/api.w.org\/{rel}","templated":true}]}}