{"id":2886,"date":"2024-04-11T14:08:42","date_gmt":"2024-04-11T12:08:42","guid":{"rendered":"http:\/\/pcf08.com\/?p=2886"},"modified":"2024-04-11T14:08:42","modified_gmt":"2024-04-11T12:08:42","slug":"foret-primaire-refuser-le-debat-politicien","status":"publish","type":"post","link":"https:\/\/pcf08.com\/index.php\/2024\/04\/11\/foret-primaire-refuser-le-debat-politicien\/","title":{"rendered":"For\u00eat Primaire, refuser le d\u00e9bat politicien"},"content":{"rendered":"<p align=\"justify\"><span style=\"font-family: Calibri, sans-serif;\"><span style=\"font-size: medium;\"><img loading=\"lazy\" decoding=\"async\" class=\"size-medium wp-image-2887 alignright\" src=\"https:\/\/pcf08.com\/wp-content\/uploads\/2024\/04\/foret-3-300x163.jpg\" alt=\"\" width=\"300\" height=\"163\" srcset=\"https:\/\/pcf08.com\/wp-content\/uploads\/2024\/04\/foret-3-300x163.jpg 300w, https:\/\/pcf08.com\/wp-content\/uploads\/2024\/04\/foret-3-768x418.jpg 768w, https:\/\/pcf08.com\/wp-content\/uploads\/2024\/04\/foret-3.jpg 800w\" sizes=\"(max-width: 300px) 100vw, 300px\" \/>Loin du d\u00e9bat politicien, le mercredi 3 avril, la f\u00e9d\u00e9ration du PCF 08 a re\u00e7u Eric Fabre, secr\u00e9taire et cofondateur de l\u2019association \u00ab\u00a0Hall\u00e9\u00a0\u00bb qui milite pour la r\u00e9alisation d\u2019une for\u00eat primaire dans les Ardennes. A la demande du PCF le responsable associatif a tenu \u00e0 resituer cette proposition dans le contexte actuel. Axant son propos sur l\u2019atout principal du projet qui vise \u00e0 prot\u00e9ger la biodiversit\u00e9, il a r\u00e9fut\u00e9 l\u2019argument d\u2019une mise sous cloche d\u2019un territoire de 70 000 hectares dont une partie en Belgique. Parler d\u2019am\u00e9nager la for\u00eat est l\u00e9gitime dans notre d\u00e9partement o\u00f9 32% des territoires sont bois\u00e9s et repr\u00e9sentent un superficie foresti\u00e8re non n\u00e9gligeable. Celle-ci constitue des milieux essentiels pour la pr\u00e9servation des habitats naturels et des esp\u00e8ces animales et v\u00e9g\u00e9tales, contrairement \u00e0 ce que nous constatons actuellement d\u2019exploitation mercantile de la for\u00eat. <\/span><\/span><\/p>\n<p align=\"justify\"><span style=\"font-family: Calibri, sans-serif;\"><span style=\"font-size: medium;\">Eric Fabre s\u2019est voulu rassurant sur le projet. Il a r\u00e9fut\u00e9 l\u2019utilisation d\u2019un courrier minist\u00e9riel par les opposants au projet et notamment la p\u00e9tition lanc\u00e9e par le d\u00e9put\u00e9 de droite Pierre Cordier. Beaucoup d\u2019\u00e9lus agissent par opportunisme sans approfondir le d\u00e9bat. Selon le responsable associatif le ministre ne rejette pas le projet d\u2019une for\u00eat primaire qui est un projet priv\u00e9.<\/span><\/span><\/p>\n<p align=\"justify\"><span style=\"font-family: Calibri, sans-serif;\"><span style=\"font-size: medium;\">C\u2019est ce qui m\u2019a conduit \u00e0 intervenir lors de la r\u00e9union du conseil communautaire Ardenne M\u00e9tropole en r\u00e9clamant un d\u00e9bat en commission. Proposition que le pr\u00e9sident, Boris Ravignon a balay\u00e9 d\u2019un revers de la main. La constitution d\u2019une for\u00eat primaire ne se fera pas dans les d\u00e9cennies qui viennent mais il s\u2019agit de jeter les bases d\u2019une protection de la for\u00eat, et d\u2019une r\u00e9flexion sur une autre exploitation. Randonneurs, cueilleurs de champignons ou chasseurs pourront continuer \u00e0 assumer leur passion. Le d\u00e9bat doit se prolonger pour une d\u00e9cision en toute connaissance de cause.<\/span><\/span><\/p>\n<p align=\"right\"><span style=\"font-family: Calibri, sans-serif;\"><span style=\"font-size: medium;\">Sylvain DALLA ROSA<\/span><\/span><\/p>\n","protected":false},"excerpt":{"rendered":"<p>Loin du d\u00e9bat politicien, le mercredi 3 avril, la f\u00e9d\u00e9ration du PCF 08 a re\u00e7u Eric Fabre, secr\u00e9taire et cofondateur de l\u2019association \u00ab\u00a0Hall\u00e9\u00a0\u00bb qui milite pour la r\u00e9alisation d\u2019une for\u00eat primaire dans les Ardennes. A la demande du PCF le responsable associatif a tenu \u00e0 resituer cette proposition dans le contexte actuel. Axant son propos [&hellip;]<\/p>\n","protected":false},"author":4,"featured_media":0,"comment_status":"closed","ping_status":"open","sticky":false,"template":"","format":"standard","meta":{"saved_in_kubio":false,"footnotes":""},"categories":[1],"tags":[],"class_list":["post-2886","post","type-post","status-publish","format-standard","hentry","category-non-classe"],"_links":{"self":[{"href":"https:\/\/pcf08.com\/index.php\/wp-json\/wp\/v2\/posts\/2886","targetHints":{"allow":["GET"]}}],"collection":[{"href":"https:\/\/pcf08.com\/index.php\/wp-json\/wp\/v2\/posts"}],"about":[{"href":"https:\/\/pcf08.com\/index.php\/wp-json\/wp\/v2\/types\/post"}],"author":[{"embeddable":true,"href":"https:\/\/pcf08.com\/index.php\/wp-json\/wp\/v2\/users\/4"}],"replies":[{"embeddable":true,"href":"https:\/\/pcf08.com\/index.php\/wp-json\/wp\/v2\/comments?post=2886"}],"version-history":[{"count":1,"href":"https:\/\/pcf08.com\/index.php\/wp-json\/wp\/v2\/posts\/2886\/revisions"}],"predecessor-version":[{"id":2888,"href":"https:\/\/pcf08.com\/index.php\/wp-json\/wp\/v2\/posts\/2886\/revisions\/2888"}],"wp:attachment":[{"href":"https:\/\/pcf08.com\/index.php\/wp-json\/wp\/v2\/media?parent=2886"}],"wp:term":[{"taxonomy":"category","embeddable":true,"href":"https:\/\/pcf08.com\/index.php\/wp-json\/wp\/v2\/categories?post=2886"},{"taxonomy":"post_tag","embeddable":true,"href":"https:\/\/pcf08.com\/index.php\/wp-json\/wp\/v2\/tags?post=2886"}],"curies":[{"name":"wp","href":"https:\/\/api.w.org\/{rel}","templated":true}]}}